{"id":18626,"date":"2021-07-20T09:48:11","date_gmt":"2021-07-20T07:48:11","guid":{"rendered":"https:\/\/bisbalpenedes.com\/web\/?p=18626"},"modified":"2021-07-23T10:56:33","modified_gmt":"2021-07-23T08:56:33","slug":"el-diumenge-25-de-juliol-a-les-12h-espectacle-de-narracio-oral-per-a-tota-la-familia-imprescindible-reservar","status":"publish","type":"post","link":"https:\/\/bisbalpenedes.com\/web\/2021\/07\/20\/el-diumenge-25-de-juliol-a-les-12h-espectacle-de-narracio-oral-per-a-tota-la-familia-imprescindible-reservar\/","title":{"rendered":"El diumenge 25 de juliol a les 12h espectacle de narraci\u00f3 oral per a tota la fam\u00edlia &#8211; Imprescindible reservar"},"content":{"rendered":"\n<p>Aquest diumenge, petits i grans ens endinsarem en un m\u00f3n fant\u00e0stic de la m\u00e0 de Sherezade Bardaj\u00ed, que ens presentar\u00e0: All\u00e0 on viuen els monstres. Es tracta d&#8217;un dels espectacles de narraci\u00f3 oral del Festival En Veu Alta, adre\u00e7at a tota la fam\u00edlia.Tindr\u00e0 lloc el diumenge 25 de juliol, a les 12h, al CMC i \u00e9s imprescindible reservar entrades al 608 568 881 i al 684 416 843<\/p>\n\n\n\n<hr class=\"wp-block-separator is-style-wide\"\/>\n\n\n\n<p>Este domingo, peque\u00f1os y mayores nos adentraremos en un mundo fant\u00e1stico de la mano de Sherezade Bardaj\u00ed, que nos presentar\u00e1: All\u00e0 on viuen els monstres (All\u00ed donde viven los monstruos), un espect\u00e1culo de narraci\u00f3n oral del Festival En Veu Alta, dirigido a toda la familia.Tendr\u00e1 lugar el domingo 25 de julio, a las 12h, en el CMC y es imprescindible reservar entradas en el 608 568 881 y en el 684 416 <\/p>\n","protected":false},"excerpt":{"rendered":"<p>Aquest diumenge, petits i grans ens endinsarem en un m\u00f3n fant\u00e0stic de la m\u00e0 de Sherezade Bardaj\u00ed, que ens presentar\u00e0: All\u00e0 on viuen els monstres. Es tracta d&#8217;un dels espectacles &hellip; <a href=\"https:\/\/bisbalpenedes.com\/web\/2021\/07\/20\/el-diumenge-25-de-juliol-a-les-12h-espectacle-de-narracio-oral-per-a-tota-la-familia-imprescindible-reservar\/\" class=\"more-link\">Read More<\/a><\/p>\n","protected":false},"author":4,"featured_media":18673,"comment_status":"closed","ping_status":"closed","sticky":false,"template":"","format":"standard","meta":[],"categories":[2942,13,8],"tags":[459,302,225,4051,4678,241,1807,393,4560,1374,4563],"_links":{"self":[{"href":"https:\/\/bisbalpenedes.com\/web\/wp-json\/wp\/v2\/posts\/18626"}],"collection":[{"href":"https:\/\/bisbalpenedes.com\/web\/wp-json\/wp\/v2\/posts"}],"about":[{"href":"https:\/\/bisbalpenedes.com\/web\/wp-json\/wp\/v2\/types\/post"}],"author":[{"embeddable":true,"href":"https:\/\/bisbalpenedes.com\/web\/wp-json\/wp\/v2\/users\/4"}],"replies":[{"embeddable":true,"href":"https:\/\/bisbalpenedes.com\/web\/wp-json\/wp\/v2\/comments?post=18626"}],"version-history":[{"count":2,"href":"https:\/\/bisbalpenedes.com\/web\/wp-json\/wp\/v2\/posts\/18626\/revisions"}],"predecessor-version":[{"id":18674,"href":"https:\/\/bisbalpenedes.com\/web\/wp-json\/wp\/v2\/posts\/18626\/revisions\/18674"}],"wp:featuredmedia":[{"embeddable":true,"href":"https:\/\/bisbalpenedes.com\/web\/wp-json\/wp\/v2\/media\/18673"}],"wp:attachment":[{"href":"https:\/\/bisbalpenedes.com\/web\/wp-json\/wp\/v2\/media?parent=18626"}],"wp:term":[{"taxonomy":"category","embeddable":true,"href":"https:\/\/bisbalpenedes.com\/web\/wp-json\/wp\/v2\/categories?post=18626"},{"taxonomy":"post_tag","embeddable":true,"href":"https:\/\/bisbalpenedes.com\/web\/wp-json\/wp\/v2\/tags?post=18626"}],"curies":[{"name":"wp","href":"https:\/\/api.w.org\/{rel}","templated":true}]}}