{"id":18614,"date":"2021-07-20T10:00:00","date_gmt":"2021-07-20T08:00:00","guid":{"rendered":"https:\/\/bisbalpenedes.com\/web\/?p=18614"},"modified":"2021-07-19T20:22:07","modified_gmt":"2021-07-19T18:22:07","slug":"saprova-la-liquidacio-del-2n-trimestre-del-conveni-en-materia-de-serveis-socials-amb-el-consell-comarcal-del-baix-penedes","status":"publish","type":"post","link":"https:\/\/bisbalpenedes.com\/web\/2021\/07\/20\/saprova-la-liquidacio-del-2n-trimestre-del-conveni-en-materia-de-serveis-socials-amb-el-consell-comarcal-del-baix-penedes\/","title":{"rendered":"S\u2019ha aprovat la liquidaci\u00f3 del 2n trimestre del conveni en mat\u00e8ria de serveis socials amb el Consell Comarcal del Baix Pened\u00e8s"},"content":{"rendered":"\n<p>La Junta de Govern del 12 de juliol va aprovar, a petici\u00f3 de la regidoria de Benestar Social, la liquidaci\u00f3 del 2n trimestre de 2021 del conveni en mat\u00e8ria de Serveis Socials que l\u2019Ajuntament t\u00e9 amb el Consell Comarcal del Baix Pened\u00e8s.<\/p>\n\n\n\n<p>La liquidaci\u00f3 aprovada ascendeix a 17.479,49\u20ac i correspon als serveis prestats durant el segon trimestre de 2021 en mat\u00e8ria de:<\/p>\n\n\n\n<p>La liquidaci\u00f3 aprovada ascendeix a 17.479,49\u20ac i correspon als serveis prestats durant el segon trimestre de 2021 en mat\u00e8ria de:<\/p>\n\n\n\n<ul><li>Professionals i serveis socials b\u00e0sics: 9.785,29\u20ac<\/li><li>SAD depend\u00e8ncia i SAD social: 1.791,36\u20ac<\/li><li>Transport adaptat: 698,69\u20ac<\/li><li>Serveis d\u2019intervenci\u00f3 socioeducativa: 490,47\u20ac<\/li><li>Centre obert: 1.266,67\u20ac<\/li><li>Immigraci\u00f3:&nbsp; 353,72\u20ac<\/li><li>SIAD (Servei d\u2019Informaci\u00f3 i Atenci\u00f3 a les Dones): 582,72\u20ac<\/li><li>Despeses TIC: 92,47\u20ac<\/li><li>Servei acolliment residencial d\u2019urg\u00e8ncia: 122\u20ac<\/li><li>Viol\u00e8ncia de g\u00e8nere, Pacto de&nbsp;estado:2.296,31\u20ac<\/li><\/ul>\n\n\n\n<p>La Junta de govern del 25 de gener de 2021 va aprovar la pr\u00f2rroga del conveni de cooperaci\u00f3 interadministrativa amb el Consell Comarcal del Baix Pened\u00e8s en mat\u00e8ria de serveis socials (2016\/2019) subscrit entre el Consell Comarcal del Baix Pened\u00e8s i diversos ajuntaments de la comarca. L\u2019aportaci\u00f3 total de l\u2019Ajuntament de la Bisbal del Pened\u00e8s per a l\u2019any 2021 ascendeix a 65.157,37\u20ac.<\/p>\n\n\n\n<hr class=\"wp-block-separator is-style-wide\"\/>\n\n\n\n<p><strong>CASTELLANO |<\/strong> La Junta de Gobierno del 12 de julio aprob\u00f3, a petici\u00f3n de la concejal\u00eda de Bienestar Social, la liquidaci\u00f3n del 2\u00ba trimestre de 2021 del convenio en materia de Servicios Sociales que el Ayuntamiento tiene con el Consell Comarcal del Baix Pened\u00e8s.<\/p>\n\n\n\n<p>La liquidaci\u00f3n aprobada asciende a 17.479,49\u20ac y corresponde a los servicios prestados durante el segundo trimestre de 2021 en materia de:<\/p>\n\n\n\n<ul><li>Profesionales y servicios sociales b\u00e1sicos: 9.785,29\u20ac<\/li><li>SAD dependencia i SAD social: 1.791,36\u20ac<\/li><li>Transporte adaptado: 698,69\u20ac<\/li><li>Servicios de intervenci\u00f3n socioeducativa: 490,47\u20ac<\/li><li><em>Centre obert<\/em>: 1.266,67\u20ac<\/li><li>Inmigraci\u00f3n:&nbsp; 353,72\u20ac<\/li><li>SIAD (Servicio de Informaci\u00f3n y Atenci\u00f3n a las Mujeres): 582,72\u20ac<\/li><li>Gastos TIC: 92,47\u20ac<\/li><li>Servicio de acogimiento residencial de urgencia: 122\u20ac<\/li><li>Viol\u00e8ncia de g\u00e9nero, Pacto de estado: 2.296,31\u20ac<\/li><\/ul>\n\n\n\n<p>La Junta de gobierno del 25 de enero de 2021 aprob\u00f3 la prorroga del convenio de cooperaci\u00f3n interadministrativa con el Consell Comarcal del Baix Pened\u00e8s en materia de servicios sociales (2016\/2019) suscrito entre el Consell Comarcal del Baix Pened\u00e8s y varios ayuntamientos de la comarca. La aportaci\u00f3n total del Ayuntamiento de la Bisbal del Pened\u00e8s para el a\u00f1o 2021 asciende a 65.157,37\u20ac.<\/p>\n","protected":false},"excerpt":{"rendered":"<p>La Junta de Govern del 12 de juliol va aprovar, a petici\u00f3 de la regidoria de Benestar Social, la liquidaci\u00f3 del 2n trimestre de 2021 del conveni en mat\u00e8ria de &hellip; <a href=\"https:\/\/bisbalpenedes.com\/web\/2021\/07\/20\/saprova-la-liquidacio-del-2n-trimestre-del-conveni-en-materia-de-serveis-socials-amb-el-consell-comarcal-del-baix-penedes\/\" class=\"more-link\">Read More<\/a><\/p>\n","protected":false},"author":4,"featured_media":17489,"comment_status":"closed","ping_status":"closed","sticky":false,"template":"","format":"standard","meta":[],"categories":[8,17],"tags":[3322,2866,844,3321,3281,4674,4675,268,4673,3648,3323,948],"_links":{"self":[{"href":"https:\/\/bisbalpenedes.com\/web\/wp-json\/wp\/v2\/posts\/18614"}],"collection":[{"href":"https:\/\/bisbalpenedes.com\/web\/wp-json\/wp\/v2\/posts"}],"about":[{"href":"https:\/\/bisbalpenedes.com\/web\/wp-json\/wp\/v2\/types\/post"}],"author":[{"embeddable":true,"href":"https:\/\/bisbalpenedes.com\/web\/wp-json\/wp\/v2\/users\/4"}],"replies":[{"embeddable":true,"href":"https:\/\/bisbalpenedes.com\/web\/wp-json\/wp\/v2\/comments?post=18614"}],"version-history":[{"count":3,"href":"https:\/\/bisbalpenedes.com\/web\/wp-json\/wp\/v2\/posts\/18614\/revisions"}],"predecessor-version":[{"id":18617,"href":"https:\/\/bisbalpenedes.com\/web\/wp-json\/wp\/v2\/posts\/18614\/revisions\/18617"}],"wp:featuredmedia":[{"embeddable":true,"href":"https:\/\/bisbalpenedes.com\/web\/wp-json\/wp\/v2\/media\/17489"}],"wp:attachment":[{"href":"https:\/\/bisbalpenedes.com\/web\/wp-json\/wp\/v2\/media?parent=18614"}],"wp:term":[{"taxonomy":"category","embeddable":true,"href":"https:\/\/bisbalpenedes.com\/web\/wp-json\/wp\/v2\/categories?post=18614"},{"taxonomy":"post_tag","embeddable":true,"href":"https:\/\/bisbalpenedes.com\/web\/wp-json\/wp\/v2\/tags?post=18614"}],"curies":[{"name":"wp","href":"https:\/\/api.w.org\/{rel}","templated":true}]}}