{"id":18601,"date":"2021-07-19T19:04:22","date_gmt":"2021-07-19T17:04:22","guid":{"rendered":"https:\/\/bisbalpenedes.com\/web\/?p=18601"},"modified":"2021-07-19T19:14:55","modified_gmt":"2021-07-19T17:14:55","slug":"la-bisbal-del-penedes-acollira-una-reunio-de-la-xarxa-dambaixadors-del-bon-tracte-el-proper-dimecres","status":"publish","type":"post","link":"https:\/\/bisbalpenedes.com\/web\/2021\/07\/19\/la-bisbal-del-penedes-acollira-una-reunio-de-la-xarxa-dambaixadors-del-bon-tracte-el-proper-dimecres\/","title":{"rendered":"La Bisbal del Pened\u00e8s acollir\u00e0 una reuni\u00f3 de la xarxa d\u2019Ambaixadors del Bon Tracte el proper dimecres"},"content":{"rendered":"\n<p>La xarxa d\u2019Ambaixadors del Bon Tracte acollir\u00e0 una reuni\u00f3 de treball de la xarxa el proper dimecres. En la trobada s\u2019hi estrenar\u00e0 el curtmetratge \u201cPersones Grans. Grans Persones\u201d, s\u2019explicar\u00e0 en qu\u00e8 consisteix el \u201cServei Bon Dia\u201d de la Bisbal del Pened\u00e8s i s\u2019hi llegir\u00e0 un manifest contra la discriminaci\u00f3 i l\u2019exclusi\u00f3 per l\u2019edat de les persones.<\/p>\n\n\n\n<p>La regidora de Benestar Social i Gent Gran, Paqui Cepas, ha explicat que \u201cl\u2019acte, que se celebrar\u00e0 a porta tancada, comptar\u00e0 amb la pres\u00e8ncia de persones que formen part d\u2019aquesta xarxa i ser\u00e0 una trobada que servir\u00e0 per comen\u00e7ar a posar projectes en com\u00fa i, alhora, seguir-nos coneixent entre nosaltres\u201d.<\/p>\n\n\n\n<p>El curt \u201cPersones Grans. Grans Persones\u201d, realitzat per l\u2019ARC Serveis Assistencials i produ\u00eft per Canal Calafell, mostra imatges i perfils de persones reals que trenquen amb els estereotips i falses creences sobre la vellesa. A l\u2019audiovisual s\u2019hi presenten exemples de persones grans que contribueixen amb el seu temps a la din\u00e0mica social, cultural, esportiva o econ\u00f2mica de la societat, entre altres.<\/p>\n\n\n\n<p><a href=\"https:\/\/bisbalpenedes.com\/web\/2021\/06\/25\/la-bisbal-del-penedes-se-suma-a-la-xarxa-dambaixadors-del-bon-tracte\/\" data-type=\"URL\" data-id=\"https:\/\/bisbalpenedes.com\/web\/2021\/06\/25\/la-bisbal-del-penedes-se-suma-a-la-xarxa-dambaixadors-del-bon-tracte\/\" target=\"_blank\" rel=\"noreferrer noopener\">La xarxa d\u2019Ambaixadors del Bon Tracte<\/a> es va presentar el passat mes de juny en un acte celebrat al Vendrell. Es tracta d\u2019una iniciativa que pret\u00e9n crear una xarxa per compartir recursos i experi\u00e8ncies entre professionals, entitats i ajuntaments de les comarques del Baix Pened\u00e8s i el Tarragon\u00e8s, entre ells L\u2019Ajuntament de La Bisbal del Pened\u00e8s.<\/p>\n\n\n\n<hr class=\"wp-block-separator is-style-wide\"\/>\n\n\n\n<p>La red de Embajadores del Buen Trato (xarxa d\u2019Ambaixadors del Bon Tracte) acoger\u00e1 una reuni\u00f3n de trabajo de la red el pr\u00f3ximo mi\u00e9rcoles. En este encuentro se estrenar\u00e1 el cortometraje \u201cPersones Grans. Grans Persones\u201d, se explicar\u00e1 en qu\u00e9 consiste el \u201cServei Bon Dia\u201d de la Bisbal del Pened\u00e8s y se leer\u00e1 un manifiesto contra la discriminaci\u00f3n y la exclusi\u00f3n por la edad de las personas.<\/p>\n\n\n\n<p>La concejala de Bienestar Social y Gente Mayor, Paqui Cepas, ha explicado que \u201cel acto, que se celebrar\u00e1 a puerta cerrada, contar\u00e1 con la presencia de personas que forman parte de esta red y ser\u00e1 un encuentro que servir\u00e1 para empezar a poner proyectos en com\u00fan y, a la vez, seguirnos conociendo entre nosotras\u201d.<\/p>\n\n\n\n<p>El corto \u201cPersones Grans. Grans Persones\u201d, realizado por l\u2019ARC Serveis Assistencials y producido por Canal Calafell, muestra im\u00e1genes y perfiles de personas reales que rompen con los estereotipos y falsas creencias sobre la vejez. En el audiovisual se presentan ejemplos de personas mayores que contribuyen con su tiempo a la din\u00e1mica social, cultural, deportiva o econ\u00f3mica de la sociedad, entre otras.<\/p>\n\n\n\n<p><a href=\"https:\/\/bisbalpenedes.com\/web\/2021\/06\/25\/la-bisbal-del-penedes-se-suma-a-la-xarxa-dambaixadors-del-bon-tracte\/\" target=\"_blank\" rel=\"noreferrer noopener\">La red de Embajadores del Buen Trato<\/a> (xarxa d\u2019Ambaixadors del Bon Tracte) se present\u00f3 el pasado mes de junio en un acto celebrado en el Vendrell. Se trata de una iniciativa que pretende crear una red para compartir recursos y experiencias entre profesionales, entidades y ayuntamientos de las comarcas del Baix Pened\u00e8s y el Tarragon\u00e8s, entre ellos el Ayuntamiento de La Bisbal del Pened\u00e8s.<\/p>\n","protected":false},"excerpt":{"rendered":"<p>La xarxa d\u2019Ambaixadors del Bon Tracte acollir\u00e0 una reuni\u00f3 de treball de la xarxa el proper dimecres. En la trobada s\u2019hi estrenar\u00e0 el curtmetratge \u201cPersones Grans. Grans Persones\u201d, s\u2019explicar\u00e0 en &hellip; <a href=\"https:\/\/bisbalpenedes.com\/web\/2021\/07\/19\/la-bisbal-del-penedes-acollira-una-reunio-de-la-xarxa-dambaixadors-del-bon-tracte-el-proper-dimecres\/\" class=\"more-link\">Read More<\/a><\/p>\n","protected":false},"author":4,"featured_media":18602,"comment_status":"closed","ping_status":"closed","sticky":false,"template":"","format":"standard","meta":[],"categories":[3851,464,8],"tags":[4671,315,2367,305,4672,397,1894],"_links":{"self":[{"href":"https:\/\/bisbalpenedes.com\/web\/wp-json\/wp\/v2\/posts\/18601"}],"collection":[{"href":"https:\/\/bisbalpenedes.com\/web\/wp-json\/wp\/v2\/posts"}],"about":[{"href":"https:\/\/bisbalpenedes.com\/web\/wp-json\/wp\/v2\/types\/post"}],"author":[{"embeddable":true,"href":"https:\/\/bisbalpenedes.com\/web\/wp-json\/wp\/v2\/users\/4"}],"replies":[{"embeddable":true,"href":"https:\/\/bisbalpenedes.com\/web\/wp-json\/wp\/v2\/comments?post=18601"}],"version-history":[{"count":5,"href":"https:\/\/bisbalpenedes.com\/web\/wp-json\/wp\/v2\/posts\/18601\/revisions"}],"predecessor-version":[{"id":18607,"href":"https:\/\/bisbalpenedes.com\/web\/wp-json\/wp\/v2\/posts\/18601\/revisions\/18607"}],"wp:featuredmedia":[{"embeddable":true,"href":"https:\/\/bisbalpenedes.com\/web\/wp-json\/wp\/v2\/media\/18602"}],"wp:attachment":[{"href":"https:\/\/bisbalpenedes.com\/web\/wp-json\/wp\/v2\/media?parent=18601"}],"wp:term":[{"taxonomy":"category","embeddable":true,"href":"https:\/\/bisbalpenedes.com\/web\/wp-json\/wp\/v2\/categories?post=18601"},{"taxonomy":"post_tag","embeddable":true,"href":"https:\/\/bisbalpenedes.com\/web\/wp-json\/wp\/v2\/tags?post=18601"}],"curies":[{"name":"wp","href":"https:\/\/api.w.org\/{rel}","templated":true}]}}