{"id":18558,"date":"2021-07-15T20:00:00","date_gmt":"2021-07-15T18:00:00","guid":{"rendered":"https:\/\/bisbalpenedes.com\/web\/?p=18558"},"modified":"2021-07-19T19:36:11","modified_gmt":"2021-07-19T17:36:11","slug":"aviat-comencara-la-redaccio-del-projecte-per-fer-el-cami-de-vianants-del-priorat-al-nucli-urba","status":"publish","type":"post","link":"https:\/\/bisbalpenedes.com\/web\/2021\/07\/15\/aviat-comencara-la-redaccio-del-projecte-per-fer-el-cami-de-vianants-del-priorat-al-nucli-urba\/","title":{"rendered":"Aviat comen\u00e7ar\u00e0 la redacci\u00f3 del projecte per fer el cam\u00ed de vianants del Priorat al nucli urb\u00e0"},"content":{"rendered":"\n<p>La Junta de Govern d\u2019aquest dilluns 12 de juliol va aprovar, a petici\u00f3 de la Regidoria de Territori, un contracte per a la redacci\u00f3 del projecte per fer un cam\u00ed per als vianants que vagi del Priorat al nucli urb\u00e0. L\u2019equip de govern vol arreglar aquest cam\u00ed per millorar l\u2019accessibilitat dels vianants i ciclistes que circulen entre el Priorat i el nucli, garantint aix\u00ed la seva seguretat.<\/p>\n\n\n\n<p>Tenint en compte que aquest tram \u00e9s molt utilitzat, tant per vehicles a motor, com per bicicletes i vianants, en l\u2019actualitat la combinaci\u00f3 de tots aquests despla\u00e7aments resulta complicada i, fins i tot, insegura. Per aquest motiu, l\u2019Ajuntament de la Bisbal del Pened\u00e8s treballa en aquesta inversi\u00f3 i ha demanat una subvenci\u00f3 a la Diputaci\u00f3 de Tarragona, en el marc del Pla d\u2019Acci\u00f3 Municipal 2020\/2023, per a l\u2019execuci\u00f3 del cam\u00ed, un ajut que ha estat concedit.<\/p>\n\n\n\n<p>El contracte se li ha adjudicat a l\u2019enginyer Pau Jans\u00e0 per 6.661,27\u20ac (IVA incl\u00f2s) i inclou el servei d\u2019assist\u00e8ncia t\u00e8cnica per a la confecci\u00f3 del projecte b\u00e0sic i d\u2019execuci\u00f3 i de l\u2019estudi b\u00e0sic de seguretat i salut de les obres d\u2019urbanitzaci\u00f3 del cam\u00ed de vianants al Priorat; que inclou el treball de camp per a la comprovaci\u00f3 de l\u2019aixecament topogr\u00e0fic, la mem\u00f2ria, els amidaments, el pressupost per a partides i els pl\u00e0nols.<\/p>\n\n\n\n<p>Val a dir que, perqu\u00e8 l\u2019Ajuntament es pugui beneficiar de la subvenci\u00f3 del PAM, caldr\u00e0 que aquest projecte s\u2019executi entre el 2022 i el mes de juny de 2023.<\/p>\n\n\n\n<hr class=\"wp-block-separator is-style-wide\"\/>\n\n\n\n<p>La Junta de Gobierno de este lunes 12 de julio aprob\u00f3, a petici\u00f3n de la Concejal\u00eda de Territorio, un contrato para la redacci\u00f3n del proyecto para hacer un camino para los peatones que vaya del Priorato al n\u00facleo urbano. El equipo de gobierno quiere arreglar este camino para mejorar la accesibilidad de los peatones y ciclistas que circulan entre el Priorat y el n\u00facleo, garantizando as\u00ed su seguridad.<\/p>\n\n\n\n<p>Teniendo en cuenta que este tramo se utiliza mucho, tanto por veh\u00edculos a motor, como por bicicletas y peatones, en la actualidad la combinaci\u00f3n de todos estos desplazamientos resulta complicada e, incluso, insegura. Por este motivo, el Ayuntamiento de la Bisbal del Pened\u00e8s trabaja en esta inversi\u00f3n y ha solicitado una subvenci\u00f3n a la Diputaci\u00f3n de Tarragona, en el marco del Plan de Acci\u00f3n Municipal 2020\/2023, para la ejecuci\u00f3n del camino, una ayuda que ha sido concedida.<\/p>\n\n\n\n<p>El contrato se ha adjudicado al ingeniero Pau Jans\u00e0 por 6.661,27\u20ac (IVA incluido) e incluye el servicio de asistencia t\u00e9cnica para la confecci\u00f3n del proyecto b\u00e1sico y de ejecuci\u00f3n y del estudio b\u00e1sico de seguridad y salud de las obras de urbanizaci\u00f3n del camino de peatones en el Priorato; que incluye el trabajo de campo para la comprobaci\u00f3n del levantamiento topogr\u00e1fico, la memoria, las mediciones, el presupuesto para partidas y los planos.<\/p>\n\n\n\n<p>Cabe decir que, para que el Ayuntamiento se pueda beneficiar de la subvenci\u00f3n del PAM, ser\u00e1 necesario que este proyecto se ejecute entre el 2022 y el mes de junio de 2023.<\/p>\n","protected":false},"excerpt":{"rendered":"<p>La Junta de Govern d\u2019aquest dilluns 12 de juliol va aprovar, a petici\u00f3 de la Regidoria de Territori, un contracte per a la redacci\u00f3 del projecte per fer un cam\u00ed &hellip; <a href=\"https:\/\/bisbalpenedes.com\/web\/2021\/07\/15\/aviat-comencara-la-redaccio-del-projecte-per-fer-el-cami-de-vianants-del-priorat-al-nucli-urba\/\" class=\"more-link\">Read More<\/a><\/p>\n","protected":false},"author":4,"featured_media":18559,"comment_status":"closed","ping_status":"closed","sticky":false,"template":"","format":"standard","meta":[],"categories":[3085,8,4659],"tags":[4661,364,4663,2765,4664,424,4068],"_links":{"self":[{"href":"https:\/\/bisbalpenedes.com\/web\/wp-json\/wp\/v2\/posts\/18558"}],"collection":[{"href":"https:\/\/bisbalpenedes.com\/web\/wp-json\/wp\/v2\/posts"}],"about":[{"href":"https:\/\/bisbalpenedes.com\/web\/wp-json\/wp\/v2\/types\/post"}],"author":[{"embeddable":true,"href":"https:\/\/bisbalpenedes.com\/web\/wp-json\/wp\/v2\/users\/4"}],"replies":[{"embeddable":true,"href":"https:\/\/bisbalpenedes.com\/web\/wp-json\/wp\/v2\/comments?post=18558"}],"version-history":[{"count":4,"href":"https:\/\/bisbalpenedes.com\/web\/wp-json\/wp\/v2\/posts\/18558\/revisions"}],"predecessor-version":[{"id":18611,"href":"https:\/\/bisbalpenedes.com\/web\/wp-json\/wp\/v2\/posts\/18558\/revisions\/18611"}],"wp:featuredmedia":[{"embeddable":true,"href":"https:\/\/bisbalpenedes.com\/web\/wp-json\/wp\/v2\/media\/18559"}],"wp:attachment":[{"href":"https:\/\/bisbalpenedes.com\/web\/wp-json\/wp\/v2\/media?parent=18558"}],"wp:term":[{"taxonomy":"category","embeddable":true,"href":"https:\/\/bisbalpenedes.com\/web\/wp-json\/wp\/v2\/categories?post=18558"},{"taxonomy":"post_tag","embeddable":true,"href":"https:\/\/bisbalpenedes.com\/web\/wp-json\/wp\/v2\/tags?post=18558"}],"curies":[{"name":"wp","href":"https:\/\/api.w.org\/{rel}","templated":true}]}}