{"id":18550,"date":"2021-07-20T09:00:00","date_gmt":"2021-07-20T07:00:00","guid":{"rendered":"https:\/\/bisbalpenedes.com\/web\/?p=18550"},"modified":"2021-07-19T20:04:55","modified_gmt":"2021-07-19T18:04:55","slug":"saprova-el-conveni-anual-per-poder-fer-un-us-social-de-les-installacions-de-lescola-ull-de-vent","status":"publish","type":"post","link":"https:\/\/bisbalpenedes.com\/web\/2021\/07\/20\/saprova-el-conveni-anual-per-poder-fer-un-us-social-de-les-installacions-de-lescola-ull-de-vent\/","title":{"rendered":"S\u2019aprova el conveni anual per poder fer un \u00fas social de les instal\u00b7lacions de l\u2019Escola Ull de Vent"},"content":{"rendered":"\n<p><em>Fotografia d&#8217;arxiu del Grup Emsemblebe en una actuaci\u00f3 al pati de l&#8217;Escola<\/em><\/p>\n\n\n\n<p>L\u2019Ajuntament de la Bisbal del Pened\u00e8s ha aprovat, a petici\u00f3 de la Regidoria d\u2019Ensenyament, el conveni de col\u00b7laboraci\u00f3 amb l\u2019Escola Ull de Vent per a l\u2019\u00fas social de les seves instal\u00b7lacions. Es tracta d\u2019un acord perqu\u00e8 l\u2019ajuntament pugui fer \u00fas de les instal\u00b7lacions del centre escolar per a dur a terme el Casal d\u2019Estiu, acollir actes de la Festa Major, fer-hi el Casal de Nadal o celebrar-hi altres festes o activitats.<\/p>\n\n\n\n<p>Aquest conveni de col\u00b7laboraci\u00f3 amb l\u2019escola s\u2019aprova any rere any per poder utilitzar els espais en les dates i motius espec\u00edfics que se citen en el document, seguint el model del conveni del Departament d\u2019Ensenyament de la Generalitat de Catalunya.<\/p>\n\n\n\n<hr class=\"wp-block-separator\"\/>\n\n\n\n<p>El Ayuntamiento de la Bisbal del Pened\u00e8s ha aprobado, a petici\u00f3n de la Concejal\u00eda de Educaci\u00f3n, el convenio de colaboraci\u00f3n con la Escola Ull de Vent para el uso social de sus instalaciones. Se trata de un acuerdo para que el ayuntamiento pueda hacer uso de las instalaciones del centro escolar para llevar a cabo el Casal d\u2019Estiu, acoger actos de la Fiesta Mayor, hacer el Casal de Navidad o celebrar otras fiestas o actividades.<\/p>\n\n\n\n<p>Este convenio de colaboraci\u00f3n con la escuela se aprueba a\u00f1o tras a\u00f1o para poder utilizar los espacios en las fechas y motivos espec\u00edficos que se citan en el documento, siguiendo el modelo del convenio del Departamento de Educaci\u00f3n de la Generalitat de Catalunya.<\/p>\n","protected":false},"excerpt":{"rendered":"<p>Fotografia d&#8217;arxiu del Grup Emsemblebe en una actuaci\u00f3 al pati de l&#8217;Escola L\u2019Ajuntament de la Bisbal del Pened\u00e8s ha aprovat, a petici\u00f3 de la Regidoria d\u2019Ensenyament, el conveni de col\u00b7laboraci\u00f3 &hellip; <a href=\"https:\/\/bisbalpenedes.com\/web\/2021\/07\/20\/saprova-el-conveni-anual-per-poder-fer-un-us-social-de-les-installacions-de-lescola-ull-de-vent\/\" class=\"more-link\">Read More<\/a><\/p>\n","protected":false},"author":4,"featured_media":18551,"comment_status":"closed","ping_status":"closed","sticky":false,"template":"","format":"standard","meta":[],"categories":[3456,8],"tags":[1745,244,440,862,65,280,686,393,4660],"_links":{"self":[{"href":"https:\/\/bisbalpenedes.com\/web\/wp-json\/wp\/v2\/posts\/18550"}],"collection":[{"href":"https:\/\/bisbalpenedes.com\/web\/wp-json\/wp\/v2\/posts"}],"about":[{"href":"https:\/\/bisbalpenedes.com\/web\/wp-json\/wp\/v2\/types\/post"}],"author":[{"embeddable":true,"href":"https:\/\/bisbalpenedes.com\/web\/wp-json\/wp\/v2\/users\/4"}],"replies":[{"embeddable":true,"href":"https:\/\/bisbalpenedes.com\/web\/wp-json\/wp\/v2\/comments?post=18550"}],"version-history":[{"count":1,"href":"https:\/\/bisbalpenedes.com\/web\/wp-json\/wp\/v2\/posts\/18550\/revisions"}],"predecessor-version":[{"id":18552,"href":"https:\/\/bisbalpenedes.com\/web\/wp-json\/wp\/v2\/posts\/18550\/revisions\/18552"}],"wp:featuredmedia":[{"embeddable":true,"href":"https:\/\/bisbalpenedes.com\/web\/wp-json\/wp\/v2\/media\/18551"}],"wp:attachment":[{"href":"https:\/\/bisbalpenedes.com\/web\/wp-json\/wp\/v2\/media?parent=18550"}],"wp:term":[{"taxonomy":"category","embeddable":true,"href":"https:\/\/bisbalpenedes.com\/web\/wp-json\/wp\/v2\/categories?post=18550"},{"taxonomy":"post_tag","embeddable":true,"href":"https:\/\/bisbalpenedes.com\/web\/wp-json\/wp\/v2\/tags?post=18550"}],"curies":[{"name":"wp","href":"https:\/\/api.w.org\/{rel}","templated":true}]}}