{"id":18541,"date":"2021-07-15T11:31:41","date_gmt":"2021-07-15T09:31:41","guid":{"rendered":"https:\/\/bisbalpenedes.com\/web\/?p=18541"},"modified":"2021-07-15T11:40:37","modified_gmt":"2021-07-15T09:40:37","slug":"la-junta-de-govern-ha-atorgat-un-total-de-3-600e-per-a-families-afectades-per-la-covid-19","status":"publish","type":"post","link":"https:\/\/bisbalpenedes.com\/web\/2021\/07\/15\/la-junta-de-govern-ha-atorgat-un-total-de-3-600e-per-a-families-afectades-per-la-covid-19\/","title":{"rendered":"La Junta de govern ha atorgat un total de 3.600\u20ac per a fam\u00edlies afectades per la COVID-19"},"content":{"rendered":"\n<p>La Junta de Govern local ha aprovat, a petici\u00f3 de la Regidoria de Serveis Socials, atorgar 3.000\u20ac en mat\u00e8ria de subvencions adre\u00e7ades a fam\u00edlies afectades laboralment per la COVID-19. Aquest import se suma als 600\u20ac que ja es van aprovar al mes de maig.<\/p>\n\n\n\n<p>El passat mes d\u2019abril es va obrir la segona convocat\u00f2ria de subvencions per a fam\u00edlies afectades laboralment per la COVID-19. Al maig, la Junta de Govern va declarar benefici\u00e0ria una de les set fam\u00edlies sol\u00b7licitants amb un import de 600\u20ac i la resta de fam\u00edlies van ser notificades perqu\u00e8 presentessin la documentaci\u00f3 que mancava i poder valorar i atorgar \u2013en cas de complir tots els requisits- la subvenci\u00f3, ja que tant la documentaci\u00f3 que van atorgar les empreses com la documentaci\u00f3 que feia refer\u00e8ncia als ERTO no especificava els ingressos mensuals i aix\u00f2 dificultava el c\u00e0lcul de la subvenci\u00f3\/import mensual que li corresponia a cada fam\u00edlia.<\/p>\n\n\n\n<p>Aquest dilluns, la Junta de Govern local ha aprovat atorgar 3.000\u20ac de subvencions per a tres fam\u00edlies. Com que les altres tres fam\u00edlies no han aportat la documentaci\u00f3 requerida, no han pogut resultar benefici\u00e0ries de la subvenci\u00f3.<\/p>\n\n\n\n<hr class=\"wp-block-separator\"\/>\n\n\n\n<p>La Junta de Gobierno local ha aprobado, a petici\u00f3n de la Concejal\u00eda de Servicios Sociales, otorgar 3.000\u20ac en materia de subvenciones dirigidas a familias afectadas laboralmente por la COVID-19. Este importe se suma a los 600\u20ac que ya se aprobaron en el mes de mayo.<\/p>\n\n\n\n<p>El pasado mes de abril se abri\u00f3 la segunda convocatoria de subvenciones para familias afectadas laboralmente por la COVID-19. En mayo, la Junta de Gobierno declar\u00f3 beneficiaria una de las siete familias solicitantes con un importe de 600\u20ac y el resto de familias fueron notificadas para que presentasen la documentaci\u00f3n que faltaba y poder valorar y otorgar \u2013en el caso de cumplir todos los requisitos- la subvenci\u00f3n, ya que tanto la documentaci\u00f3n que otorgaron las empresas como la documentaci\u00f3n que hac\u00eda referencia a los ERTO no especificaba los ingresos mensuales y esto dificultaba el c\u00e1lculo de la subvenci\u00f3n\/importe mensual que le correspond\u00eda a cada familia.<\/p>\n\n\n\n<p>Este lunes, la Junta de Gobierno local ha aprobado otorgar 3.000\u20ac de subvenciones para tres familias. Como las otras tres familias no han aportado la documentaci\u00f3n requerida, no han podido resultar beneficiarias de la subvenci\u00f3n.<\/p>\n","protected":false},"excerpt":{"rendered":"<p>La Junta de Govern local ha aprovat, a petici\u00f3 de la Regidoria de Serveis Socials, atorgar 3.000\u20ac en mat\u00e8ria de subvencions adre\u00e7ades a fam\u00edlies afectades laboralment per la COVID-19. Aquest &hellip; <a href=\"https:\/\/bisbalpenedes.com\/web\/2021\/07\/15\/la-junta-de-govern-ha-atorgat-un-total-de-3-600e-per-a-families-afectades-per-la-covid-19\/\" class=\"more-link\">Read More<\/a><\/p>\n","protected":false},"author":4,"featured_media":18543,"comment_status":"closed","ping_status":"closed","sticky":false,"template":"","format":"standard","meta":[],"categories":[3851,8,9,17,3431],"tags":[3559,3796,227,393,102],"_links":{"self":[{"href":"https:\/\/bisbalpenedes.com\/web\/wp-json\/wp\/v2\/posts\/18541"}],"collection":[{"href":"https:\/\/bisbalpenedes.com\/web\/wp-json\/wp\/v2\/posts"}],"about":[{"href":"https:\/\/bisbalpenedes.com\/web\/wp-json\/wp\/v2\/types\/post"}],"author":[{"embeddable":true,"href":"https:\/\/bisbalpenedes.com\/web\/wp-json\/wp\/v2\/users\/4"}],"replies":[{"embeddable":true,"href":"https:\/\/bisbalpenedes.com\/web\/wp-json\/wp\/v2\/comments?post=18541"}],"version-history":[{"count":1,"href":"https:\/\/bisbalpenedes.com\/web\/wp-json\/wp\/v2\/posts\/18541\/revisions"}],"predecessor-version":[{"id":18542,"href":"https:\/\/bisbalpenedes.com\/web\/wp-json\/wp\/v2\/posts\/18541\/revisions\/18542"}],"wp:featuredmedia":[{"embeddable":true,"href":"https:\/\/bisbalpenedes.com\/web\/wp-json\/wp\/v2\/media\/18543"}],"wp:attachment":[{"href":"https:\/\/bisbalpenedes.com\/web\/wp-json\/wp\/v2\/media?parent=18541"}],"wp:term":[{"taxonomy":"category","embeddable":true,"href":"https:\/\/bisbalpenedes.com\/web\/wp-json\/wp\/v2\/categories?post=18541"},{"taxonomy":"post_tag","embeddable":true,"href":"https:\/\/bisbalpenedes.com\/web\/wp-json\/wp\/v2\/tags?post=18541"}],"curies":[{"name":"wp","href":"https:\/\/api.w.org\/{rel}","templated":true}]}}