{"id":18525,"date":"2021-07-14T12:05:57","date_gmt":"2021-07-14T10:05:57","guid":{"rendered":"https:\/\/bisbalpenedes.com\/web\/?p=18525"},"modified":"2021-07-14T12:11:17","modified_gmt":"2021-07-14T10:11:17","slug":"la-bisbalenca-elisabeth-catala-ha-representat-espanya-a-cannes-i-rep-la-banda-de-miss-cannes","status":"publish","type":"post","link":"https:\/\/bisbalpenedes.com\/web\/2021\/07\/14\/la-bisbalenca-elisabeth-catala-ha-representat-espanya-a-cannes-i-rep-la-banda-de-miss-cannes\/","title":{"rendered":"La model i actriu bisbalenca Elisabeth Catal\u00e0 ha representat Espanya als Cannes Fashion Days i ha rebut la banda de Miss Cannes a la m\u00e9s elegant"},"content":{"rendered":"\n<p>Elisabeth Catal\u00e0 ha viatjat a Cannes, convidada com a ambaixadora espanyola pel canvi clim\u00e0tic, juntament amb la companya Olgaif, per participar en els Cannes Fashion Days. L\u2019actriu i model bisbalenca ha explicat que \u201cha gaudit molt de l\u2019experi\u00e8ncia de compartir uns dies amb molta gent de diferents pa\u00efsos com ara les ambaixadores de Su\u00efssa, Alemanya, Bulg\u00e0ria o Pol\u00f2nia\u201d. Catal\u00e0, que era la m\u00e9s jove del grup, va rebre una banda de Miss Cannes a la m\u00e9s elegant i va lluir roba sostenible, dissenyada especialment per a nens i, a m\u00e9s, la bisbalenca ha comptat amb la col\u00b7laboraci\u00f3 de la dissenyadora tarragonina Ant\u00f2nia Pinilla per al seu vestit de gala.<\/p>\n\n\n\n<p>La mare de l\u2019Elisabeth, la Yolanda Gom\u00e0, ha explicat que \u201cla propera parada ser\u00e0 a Mil\u00e0, on faran unes jornades amb roba sostenible, tamb\u00e9 del projecte Maestrokids \u2013com a Cannes- donant aix\u00ed import\u00e0ncia al fet de reduir la contaminaci\u00f3 i el malbaratament d\u2019aigua perqu\u00e8, si entre tots cuidem el planeta, en sortirem guanyant tots\u201d.<\/p>\n\n\n\n<hr class=\"wp-block-separator is-style-wide\"\/>\n\n\n\n<p>Elisabeth Catal\u00e0 ha viajado a Cannes, invitada como embajadora espa\u00f1ola por el cambio clim\u00e1tico, junto con su compa\u00f1era Olgaif, para participar en los Cannes Fashion Days. La actriz y modelo de la Bisbal ha explicado que \u201cha disfrutado mucho de la experiencia de compartir unos d\u00edas con mucha gente de distintos pa\u00edses como por ejemplo las embajadoras de Suiza, Alemania, Bulgaria o Polonia\u201d. Catal\u00e0, que era la m\u00e1s joven del grupo, recibi\u00f3 una banda de Miss Cannes a la m\u00e1s elegante y luci\u00f3 ropa sostenible, dise\u00f1ada especialmente para ni\u00f1os y, adem\u00e1s, la <em>bisbalenca<\/em> cont\u00f3 con la colaboraci\u00f3n de la dise\u00f1adora de Tarragona Ant\u00f2nia Pinilla para su vestido de gala.<\/p>\n\n\n\n<p>La madre de Elisabeth, Yolanda Gom\u00e0, ha explicado que \u201cla pr\u00f3xima parada ser\u00e1 en Mil\u00e1n, donde har\u00e1n unas jornadas con ropa sostenible, tambi\u00e9n del proyecto Maestrokids \u2013como en Cannes- dando as\u00ed importancia al hecho de reducir la contaminaci\u00f3n y el desperdicio de agua porque, si entre todos cuidamos el planeta, saldremos ganando todos\u201d.<\/p>\n\n\n\n<p>Al perfil de Facebook del Cannes Fashion Days podreu trobar fotografies com aquesta\/En el perfil de Facebook del Cannes Fashion Days podr\u00e9is encontrar fotograf\u00edas como esta: <a href=\"https:\/\/www.facebook.com\/cannesfashiondays\" target=\"_blank\" rel=\"noreferrer noopener\">https:\/\/www.facebook.com\/cannesfashiondays<\/a><\/p>\n\n\n\n<figure class=\"wp-block-image size-large\"><img loading=\"lazy\" width=\"673\" height=\"1024\" src=\"https:\/\/bisbalpenedes.com\/web\/wp-content\/uploads\/2021\/07\/ELISABETH-GOMA-FASHION-DAYS-673x1024.jpeg\" alt=\"\" class=\"wp-image-18528\" srcset=\"https:\/\/bisbalpenedes.com\/web\/wp-content\/uploads\/2021\/07\/ELISABETH-GOMA-FASHION-DAYS-673x1024.jpeg 673w, https:\/\/bisbalpenedes.com\/web\/wp-content\/uploads\/2021\/07\/ELISABETH-GOMA-FASHION-DAYS-600x913.jpeg 600w, https:\/\/bisbalpenedes.com\/web\/wp-content\/uploads\/2021\/07\/ELISABETH-GOMA-FASHION-DAYS-197x300.jpeg 197w, https:\/\/bisbalpenedes.com\/web\/wp-content\/uploads\/2021\/07\/ELISABETH-GOMA-FASHION-DAYS-768x1169.jpeg 768w, https:\/\/bisbalpenedes.com\/web\/wp-content\/uploads\/2021\/07\/ELISABETH-GOMA-FASHION-DAYS-1009x1536.jpeg 1009w, https:\/\/bisbalpenedes.com\/web\/wp-content\/uploads\/2021\/07\/ELISABETH-GOMA-FASHION-DAYS.jpeg 1051w\" sizes=\"(max-width: 673px) 100vw, 673px\" \/><\/figure>\n","protected":false},"excerpt":{"rendered":"<p>Elisabeth Catal\u00e0 ha viatjat a Cannes, convidada com a ambaixadora espanyola pel canvi clim\u00e0tic, juntament amb la companya Olgaif, per participar en els Cannes Fashion Days. L\u2019actriu i model bisbalenca &hellip; <a href=\"https:\/\/bisbalpenedes.com\/web\/2021\/07\/14\/la-bisbalenca-elisabeth-catala-ha-representat-espanya-a-cannes-i-rep-la-banda-de-miss-cannes\/\" class=\"more-link\">Read More<\/a><\/p>\n","protected":false},"author":4,"featured_media":18526,"comment_status":"closed","ping_status":"closed","sticky":false,"template":"","format":"standard","meta":[],"categories":[2370,8],"tags":[],"_links":{"self":[{"href":"https:\/\/bisbalpenedes.com\/web\/wp-json\/wp\/v2\/posts\/18525"}],"collection":[{"href":"https:\/\/bisbalpenedes.com\/web\/wp-json\/wp\/v2\/posts"}],"about":[{"href":"https:\/\/bisbalpenedes.com\/web\/wp-json\/wp\/v2\/types\/post"}],"author":[{"embeddable":true,"href":"https:\/\/bisbalpenedes.com\/web\/wp-json\/wp\/v2\/users\/4"}],"replies":[{"embeddable":true,"href":"https:\/\/bisbalpenedes.com\/web\/wp-json\/wp\/v2\/comments?post=18525"}],"version-history":[{"count":4,"href":"https:\/\/bisbalpenedes.com\/web\/wp-json\/wp\/v2\/posts\/18525\/revisions"}],"predecessor-version":[{"id":18531,"href":"https:\/\/bisbalpenedes.com\/web\/wp-json\/wp\/v2\/posts\/18525\/revisions\/18531"}],"wp:featuredmedia":[{"embeddable":true,"href":"https:\/\/bisbalpenedes.com\/web\/wp-json\/wp\/v2\/media\/18526"}],"wp:attachment":[{"href":"https:\/\/bisbalpenedes.com\/web\/wp-json\/wp\/v2\/media?parent=18525"}],"wp:term":[{"taxonomy":"category","embeddable":true,"href":"https:\/\/bisbalpenedes.com\/web\/wp-json\/wp\/v2\/categories?post=18525"},{"taxonomy":"post_tag","embeddable":true,"href":"https:\/\/bisbalpenedes.com\/web\/wp-json\/wp\/v2\/tags?post=18525"}],"curies":[{"name":"wp","href":"https:\/\/api.w.org\/{rel}","templated":true}]}}