{"id":18517,"date":"2021-07-14T11:07:41","date_gmt":"2021-07-14T09:07:41","guid":{"rendered":"https:\/\/bisbalpenedes.com\/web\/?p=18517"},"modified":"2021-07-14T11:07:41","modified_gmt":"2021-07-14T09:07:41","slug":"la-regidoria-densenyament-ha-lliurat-els-premis-al-merit-escolar-del-curs-2020-2021-a-quatre-alumnes-bisbalencs","status":"publish","type":"post","link":"https:\/\/bisbalpenedes.com\/web\/2021\/07\/14\/la-regidoria-densenyament-ha-lliurat-els-premis-al-merit-escolar-del-curs-2020-2021-a-quatre-alumnes-bisbalencs\/","title":{"rendered":"La Regidoria d\u2019Ensenyament ha lliurat els premis al m\u00e8rit escolar del curs 2020-2021 a quatre alumnes bisbalencs"},"content":{"rendered":"\n<p>La Regidoria d\u2019Ensenyament ha lliurat, aquest dimarts 13 de juliol, els premis al m\u00e8rit escolar del curs 2020-21 a quatre alumnes bisbalencs. L\u2019acte s\u2019ha celebrat de forma presencial \u2013amb totes les mesures per la COVID-19, a l\u2019auditori del Centre Municipal de Cultura i ha comptat amb la pres\u00e8ncia del director de l\u2019Escola Ull de Vent, \u00c0ngel Espinosa; el director de l\u2019Institut Coster de la Torre, Albert Vives; i el tutor dels alumnes de 6\u00e8 de l\u2019Escola Ull de Vent, Ramon Mu\u00f1oz.<\/p>\n\n\n\n<p>Els premis al m\u00e8rit escolar s\u00f3n una forma de fer valdre l\u2019esfor\u00e7 dels alumnes del municipi. Tots els alumnes que obtenen el reconeixement reben un diploma commemoratiu. A m\u00e9s, els alumnes de l\u2019escola reben un tel\u00e8fon m\u00f2bil i els de l\u2019institut un ordinador port\u00e0til.<\/p>\n\n\n\n<p>Els alumnes que han rebut aquest reconeixement enguany, s\u00f3n:<\/p>\n\n\n\n<ul><li>David Valls de 6\u00e8 de prim\u00e0ria<\/li><li>Sara Barahona de 6\u00e8 de prim\u00e0ria<\/li><li>Queralt Estivill de 4t d\u2019ESO<\/li><li>Marta Samper de 2n de BAT<\/li><\/ul>\n\n\n\n<p>La Regidora d\u2019Ensenyament, Leo Uceda, ha explicat que \u201cper a nosaltres \u00e9s un orgull comptar amb alumnes com aquests al municipi, que s\u2019esforcen dia rere dia per estudiar i treure profit de les classes i que tenen ganes d\u2019estudiar i de formar-se en all\u00f2 que els agrada\u201d. Uceda ha afegit que \u201ctot i que aquests premis reconeixen els alumnes que trien des dels centres escolars, hem de dir que hi ha molts altres alumnes que s\u2019esforcen i obtenen molt bons resultats. Des d\u2019aqu\u00ed tamb\u00e9 els encoratgem a continuar aix\u00ed i a treballar amb il\u00b7lusi\u00f3 amb la mirada posada al futur\u201d.<\/p>\n\n\n\n<p>Durant la seva intervenci\u00f3, l\u2019alcaldessa Agn\u00e8s Ferr\u00e9 tamb\u00e9 ha volgut felicitar els alumnes que han rebut el reconeixement i ha explicat que \u201cl\u2019any passat no vam poder celebrar aquest acte i vam haver de convocar els guanyadors, un per un, per fer-los entrega del reconeixement. Enguany, encara que hagi de ser amb mesures, podem veure\u2019ns les cares i compartir aquesta estona amb l\u2019objectiu de recon\u00e8ixer la gran feina que fan els nostres alumnes. Moltes felicitats\u201d.<\/p>\n\n\n\n<hr class=\"wp-block-separator is-style-wide\"\/>\n\n\n\n<p><strong>CASTELLANO |<\/strong> La Concejal\u00eda de Educaci\u00f3n ha entregado, este martes 13 de julio, los premios al m\u00e9rito escolar del curso 2020-21 a cuatro alumnos bisbalenses. El acto se ha celebrado de forma presencial \u2013con todas las medidas por la COVID-19, en el auditorio del Centro Municipal de Cultura y ha contado con la presencia del director de la Escola Ull de Vent, \u00c0ngel Espinosa; el director del Instituto Coster de la Torre, Albert Vives; y el tutor de los alumnos de 6.\u00ba de la Escuela Ull de Vent, Ramon Mu\u00f1oz.<\/p>\n\n\n\n<p>Los premios al m\u00e9rito escolar son una forma de poner en valor el esfuerzo de los alumnos del municipio. Todos los alumnos que obtienen el reconocimiento reciben un diploma conmemorativo. Adem\u00e1s, los alumnos de la escuela reciben un tel\u00e9fono m\u00f3vil y los del instituto un ordenador port\u00e1til.<\/p>\n\n\n\n<p>Los alumnos que han recibido este reconocimiento este a\u00f1o, son:<\/p>\n\n\n\n<ul><li>David Valls de 6.\u00ba de primaria<\/li><li>Sara Barahona de 6.\u00ba de primaria<\/li><li>Queralt Estivill de 4.\u00ba de ESO<\/li><li>Marta Samper de 2.\u00ba de BAT<\/li><\/ul>\n\n\n\n<p>La concejala de Educaci\u00f3n, Leo Uceda, ha explicado que \u201cpara nosotros es un orgullo contar con alumnos como estos en el municipio, que se esfuerzan d\u00eda detr\u00e1s d\u00eda por estudiar y sacar provecho de las clases y que tienen ganas de estudiar y de formarse en aquello que los gusta\u201d. Uceda ha a\u00f1adido que \u201ca pesar de que estos premios reconocen los alumnos que eligen desde los centros escolares, hemos de decir que hay otros muchos alumnos que se esfuerzan y obtienen muy buenos resultados. Desde aqu\u00ed tambi\u00e9n los alentamos a continuar as\u00ed y a trabajar con ilusi\u00f3n con la mirada puesta en el futuro\u201d.<\/p>\n\n\n\n<p>Durante su intervenci\u00f3n, la alcaldesa Agn\u00e8s Ferr\u00e9 tambi\u00e9n ha querido felicitar a los alumnos que han recibido el reconocimiento y ha explicado que \u201cel a\u00f1o pasado no pudimos celebrar este acto y tuvimos que convocar a los ganadores, uno por uno, para hacerles entrega del reconocimiento. Este a\u00f1o, aunque tenga que ser con medidas, podemos vernos las caras y podemos compartir este rato con el objetivo de reconocer el gran trabajo que hacen nuestros alumnos. Muchas felicidades\u201d.<\/p>\n\n\n\n<figure class=\"wp-container-2 wp-block-gallery-1 wp-block-gallery columns-3 is-cropped\"><ul class=\"blocks-gallery-grid\"><li class=\"blocks-gallery-item\"><figure><img loading=\"lazy\" width=\"1024\" height=\"683\" src=\"https:\/\/bisbalpenedes.com\/web\/wp-content\/uploads\/2021\/07\/Foto-13-7-21-18-22-38-1024x683.jpeg\" alt=\"\" data-id=\"18519\" data-full-url=\"https:\/\/bisbalpenedes.com\/web\/wp-content\/uploads\/2021\/07\/Foto-13-7-21-18-22-38.jpeg\" data-link=\"https:\/\/bisbalpenedes.com\/web\/?attachment_id=18519\" class=\"wp-image-18519\" srcset=\"https:\/\/bisbalpenedes.com\/web\/wp-content\/uploads\/2021\/07\/Foto-13-7-21-18-22-38-1024x683.jpeg 1024w, https:\/\/bisbalpenedes.com\/web\/wp-content\/uploads\/2021\/07\/Foto-13-7-21-18-22-38-600x400.jpeg 600w, https:\/\/bisbalpenedes.com\/web\/wp-content\/uploads\/2021\/07\/Foto-13-7-21-18-22-38-300x200.jpeg 300w, https:\/\/bisbalpenedes.com\/web\/wp-content\/uploads\/2021\/07\/Foto-13-7-21-18-22-38-768x512.jpeg 768w, https:\/\/bisbalpenedes.com\/web\/wp-content\/uploads\/2021\/07\/Foto-13-7-21-18-22-38-1536x1024.jpeg 1536w, https:\/\/bisbalpenedes.com\/web\/wp-content\/uploads\/2021\/07\/Foto-13-7-21-18-22-38-2048x1365.jpeg 2048w\" sizes=\"(max-width: 1024px) 100vw, 1024px\" \/><\/figure><\/li><li class=\"blocks-gallery-item\"><figure><img loading=\"lazy\" width=\"1024\" height=\"683\" src=\"https:\/\/bisbalpenedes.com\/web\/wp-content\/uploads\/2021\/07\/Foto-13-7-21-18-27-29-1024x683.jpeg\" alt=\"\" data-id=\"18520\" data-full-url=\"https:\/\/bisbalpenedes.com\/web\/wp-content\/uploads\/2021\/07\/Foto-13-7-21-18-27-29.jpeg\" data-link=\"https:\/\/bisbalpenedes.com\/web\/?attachment_id=18520\" class=\"wp-image-18520\" srcset=\"https:\/\/bisbalpenedes.com\/web\/wp-content\/uploads\/2021\/07\/Foto-13-7-21-18-27-29-1024x683.jpeg 1024w, https:\/\/bisbalpenedes.com\/web\/wp-content\/uploads\/2021\/07\/Foto-13-7-21-18-27-29-600x400.jpeg 600w, https:\/\/bisbalpenedes.com\/web\/wp-content\/uploads\/2021\/07\/Foto-13-7-21-18-27-29-300x200.jpeg 300w, https:\/\/bisbalpenedes.com\/web\/wp-content\/uploads\/2021\/07\/Foto-13-7-21-18-27-29-768x512.jpeg 768w, https:\/\/bisbalpenedes.com\/web\/wp-content\/uploads\/2021\/07\/Foto-13-7-21-18-27-29-1536x1024.jpeg 1536w, https:\/\/bisbalpenedes.com\/web\/wp-content\/uploads\/2021\/07\/Foto-13-7-21-18-27-29-2048x1365.jpeg 2048w\" sizes=\"(max-width: 1024px) 100vw, 1024px\" \/><\/figure><\/li><li class=\"blocks-gallery-item\"><figure><img loading=\"lazy\" width=\"1024\" height=\"683\" src=\"https:\/\/bisbalpenedes.com\/web\/wp-content\/uploads\/2021\/07\/Foto-13-7-21-18-28-29-1024x683.jpeg\" alt=\"\" data-id=\"18521\" data-full-url=\"https:\/\/bisbalpenedes.com\/web\/wp-content\/uploads\/2021\/07\/Foto-13-7-21-18-28-29.jpeg\" data-link=\"https:\/\/bisbalpenedes.com\/web\/?attachment_id=18521\" class=\"wp-image-18521\" srcset=\"https:\/\/bisbalpenedes.com\/web\/wp-content\/uploads\/2021\/07\/Foto-13-7-21-18-28-29-1024x683.jpeg 1024w, https:\/\/bisbalpenedes.com\/web\/wp-content\/uploads\/2021\/07\/Foto-13-7-21-18-28-29-600x400.jpeg 600w, https:\/\/bisbalpenedes.com\/web\/wp-content\/uploads\/2021\/07\/Foto-13-7-21-18-28-29-300x200.jpeg 300w, https:\/\/bisbalpenedes.com\/web\/wp-content\/uploads\/2021\/07\/Foto-13-7-21-18-28-29-768x512.jpeg 768w, https:\/\/bisbalpenedes.com\/web\/wp-content\/uploads\/2021\/07\/Foto-13-7-21-18-28-29-1536x1024.jpeg 1536w, https:\/\/bisbalpenedes.com\/web\/wp-content\/uploads\/2021\/07\/Foto-13-7-21-18-28-29-2048x1365.jpeg 2048w\" sizes=\"(max-width: 1024px) 100vw, 1024px\" \/><\/figure><\/li><\/ul><\/figure>\n","protected":false},"excerpt":{"rendered":"<p>La Regidoria d\u2019Ensenyament ha lliurat, aquest dimarts 13 de juliol, els premis al m\u00e8rit escolar del curs 2020-21 a quatre alumnes bisbalencs. L\u2019acte s\u2019ha celebrat de forma presencial \u2013amb totes &hellip; <a href=\"https:\/\/bisbalpenedes.com\/web\/2021\/07\/14\/la-regidoria-densenyament-ha-lliurat-els-premis-al-merit-escolar-del-curs-2020-2021-a-quatre-alumnes-bisbalencs\/\" class=\"more-link\">Read More<\/a><\/p>\n","protected":false},"author":4,"featured_media":18522,"comment_status":"closed","ping_status":"closed","sticky":false,"template":"","format":"standard","meta":[],"categories":[3456,8],"tags":[862,337,1475,393,2078],"_links":{"self":[{"href":"https:\/\/bisbalpenedes.com\/web\/wp-json\/wp\/v2\/posts\/18517"}],"collection":[{"href":"https:\/\/bisbalpenedes.com\/web\/wp-json\/wp\/v2\/posts"}],"about":[{"href":"https:\/\/bisbalpenedes.com\/web\/wp-json\/wp\/v2\/types\/post"}],"author":[{"embeddable":true,"href":"https:\/\/bisbalpenedes.com\/web\/wp-json\/wp\/v2\/users\/4"}],"replies":[{"embeddable":true,"href":"https:\/\/bisbalpenedes.com\/web\/wp-json\/wp\/v2\/comments?post=18517"}],"version-history":[{"count":1,"href":"https:\/\/bisbalpenedes.com\/web\/wp-json\/wp\/v2\/posts\/18517\/revisions"}],"predecessor-version":[{"id":18523,"href":"https:\/\/bisbalpenedes.com\/web\/wp-json\/wp\/v2\/posts\/18517\/revisions\/18523"}],"wp:featuredmedia":[{"embeddable":true,"href":"https:\/\/bisbalpenedes.com\/web\/wp-json\/wp\/v2\/media\/18522"}],"wp:attachment":[{"href":"https:\/\/bisbalpenedes.com\/web\/wp-json\/wp\/v2\/media?parent=18517"}],"wp:term":[{"taxonomy":"category","embeddable":true,"href":"https:\/\/bisbalpenedes.com\/web\/wp-json\/wp\/v2\/categories?post=18517"},{"taxonomy":"post_tag","embeddable":true,"href":"https:\/\/bisbalpenedes.com\/web\/wp-json\/wp\/v2\/tags?post=18517"}],"curies":[{"name":"wp","href":"https:\/\/api.w.org\/{rel}","templated":true}]}}