{"id":18490,"date":"2021-07-12T15:51:40","date_gmt":"2021-07-12T13:51:40","guid":{"rendered":"https:\/\/bisbalpenedes.com\/web\/?p=18490"},"modified":"2021-07-12T15:51:40","modified_gmt":"2021-07-12T13:51:40","slug":"aquest-dijous-15-de-juliol-arriba-el-primer-espectacle-del-festival-eva-a-la-timba","status":"publish","type":"post","link":"https:\/\/bisbalpenedes.com\/web\/2021\/07\/12\/aquest-dijous-15-de-juliol-arriba-el-primer-espectacle-del-festival-eva-a-la-timba\/","title":{"rendered":"Aquest dijous 15 de juliol arriba el primer espectacle del Festival EVA a la Timba"},"content":{"rendered":"\n<p> Ja tenim aqu\u00ed l&#8217;EVA | Festival en Veu Alta. Aquest dijous no us perdeu &#8220;D&#8217;aquells boleros aquells contes&#8221;, a les 21:30h, a la Timba.No us oblideu de reservar la vostra entrada, l&#8217;aforament \u00e9s limitat!<br><\/p>\n\n\n\n<hr class=\"wp-block-separator is-style-wide\"\/>\n\n\n\n<p><br>CULTURA | Ya tenemos aqu\u00ed el Festival en Veu Alta | EVA. Este jueves no os perd\u00e1is &#8220;D&#8217;aquells boleros aquells contes&#8221;, a las 21:30h en la Timba.No os olvid\u00e9is de reservar vuestra entrada, el aforo es limitado!<\/p>\n\n\n\n<p><\/p>\n","protected":false},"excerpt":{"rendered":"<p>Ja tenim aqu\u00ed l&#8217;EVA | Festival en Veu Alta. Aquest dijous no us perdeu &#8220;D&#8217;aquells boleros aquells contes&#8221;, a les 21:30h, a la Timba.No us oblideu de reservar la vostra &hellip; <a href=\"https:\/\/bisbalpenedes.com\/web\/2021\/07\/12\/aquest-dijous-15-de-juliol-arriba-el-primer-espectacle-del-festival-eva-a-la-timba\/\" class=\"more-link\">Read More<\/a><\/p>\n","protected":false},"author":4,"featured_media":18491,"comment_status":"closed","ping_status":"closed","sticky":false,"template":"","format":"standard","meta":[],"categories":[2942,13,8],"tags":[1964,421,302,225,215,1807,393,1811],"_links":{"self":[{"href":"https:\/\/bisbalpenedes.com\/web\/wp-json\/wp\/v2\/posts\/18490"}],"collection":[{"href":"https:\/\/bisbalpenedes.com\/web\/wp-json\/wp\/v2\/posts"}],"about":[{"href":"https:\/\/bisbalpenedes.com\/web\/wp-json\/wp\/v2\/types\/post"}],"author":[{"embeddable":true,"href":"https:\/\/bisbalpenedes.com\/web\/wp-json\/wp\/v2\/users\/4"}],"replies":[{"embeddable":true,"href":"https:\/\/bisbalpenedes.com\/web\/wp-json\/wp\/v2\/comments?post=18490"}],"version-history":[{"count":1,"href":"https:\/\/bisbalpenedes.com\/web\/wp-json\/wp\/v2\/posts\/18490\/revisions"}],"predecessor-version":[{"id":18492,"href":"https:\/\/bisbalpenedes.com\/web\/wp-json\/wp\/v2\/posts\/18490\/revisions\/18492"}],"wp:featuredmedia":[{"embeddable":true,"href":"https:\/\/bisbalpenedes.com\/web\/wp-json\/wp\/v2\/media\/18491"}],"wp:attachment":[{"href":"https:\/\/bisbalpenedes.com\/web\/wp-json\/wp\/v2\/media?parent=18490"}],"wp:term":[{"taxonomy":"category","embeddable":true,"href":"https:\/\/bisbalpenedes.com\/web\/wp-json\/wp\/v2\/categories?post=18490"},{"taxonomy":"post_tag","embeddable":true,"href":"https:\/\/bisbalpenedes.com\/web\/wp-json\/wp\/v2\/tags?post=18490"}],"curies":[{"name":"wp","href":"https:\/\/api.w.org\/{rel}","templated":true}]}}