{"id":18484,"date":"2021-07-12T15:29:59","date_gmt":"2021-07-12T13:29:59","guid":{"rendered":"https:\/\/bisbalpenedes.com\/web\/?p=18484"},"modified":"2021-07-12T15:31:36","modified_gmt":"2021-07-12T13:31:36","slug":"lajuntament-de-la-bisbal-del-penedes-prepara-una-diada-castellera-diferent","status":"publish","type":"post","link":"https:\/\/bisbalpenedes.com\/web\/2021\/07\/12\/lajuntament-de-la-bisbal-del-penedes-prepara-una-diada-castellera-diferent\/","title":{"rendered":"L\u2019Ajuntament de la Bisbal del Pened\u00e8s prepara una \u2018Diada Castellera Diferent\u2019"},"content":{"rendered":"\n<p>L\u2019Ajuntament de La Bisbal del Pened\u00e8s est\u00e0 treballant per organitzar una \u2018Diada Castellera Diferent\u2019 per al 15 d&#8217;agost, tenint en compte la situaci\u00f3 actual i la normativa de prevenci\u00f3 de la Covid-19.<\/p>\n\n\n\n<p>Fins ara, l\u2019equip de govern s\u2019ha reunit amb la Colla Castellera de la Bisbal (Bous) -el dia que es va fer la reuni\u00f3 amb totes les entitats locals- i posteriorment va visitar els Castellers de Vilafranca. Durant les properes setmanes es reunir\u00e1 amb la Colla Vella dels Xiquets de Valls i la Colla Joves Xiquets de Valls.<\/p>\n\n\n\n<p>Us anirem informant de les novetats m\u00e9s endavant.<\/p>\n\n\n\n<hr class=\"wp-block-separator is-style-wide\"\/>\n\n\n\n<p>El Ayuntamiento de La Bisbal del Pened\u00e8s est\u00e1 trabajando para organizar una \u2018Diada Castellera Diferent\u2019 para el 15 de agosto, teniendo en cuenta la situaci\u00f3n actual y la normativa de prevenci\u00f3n de la Covid-19.<\/p>\n\n\n\n<p>Hasta ahora, el equipo de gobierno se ha reunido con la Colla Castellera de la Bisbal (Bous) -el d\u00eda que se hizo la reuni\u00f3n con todas las entidades locales- y posteriormente visit\u00f3 a los Castellers de Vilafranca. Durante las pr\u00f3ximas semanas se reunir\u00e1 con la Colla Vella dels Xiquets de Valls y la Colla Joves Xiquets de Valls.<\/p>\n\n\n\n<p>Os iremos informando de las novedades m\u00e1s adelante.<\/p>\n\n\n\n<figure class=\"wp-block-image size-large\"><img loading=\"lazy\" width=\"1024\" height=\"708\" src=\"https:\/\/bisbalpenedes.com\/web\/wp-content\/uploads\/2021\/07\/REUNIO-PRE-FESTA-MAJOR-1024x708.jpg\" alt=\"\" class=\"wp-image-18429\" srcset=\"https:\/\/bisbalpenedes.com\/web\/wp-content\/uploads\/2021\/07\/REUNIO-PRE-FESTA-MAJOR-1024x708.jpg 1024w, https:\/\/bisbalpenedes.com\/web\/wp-content\/uploads\/2021\/07\/REUNIO-PRE-FESTA-MAJOR-scaled-600x415.jpg 600w, https:\/\/bisbalpenedes.com\/web\/wp-content\/uploads\/2021\/07\/REUNIO-PRE-FESTA-MAJOR-300x207.jpg 300w, https:\/\/bisbalpenedes.com\/web\/wp-content\/uploads\/2021\/07\/REUNIO-PRE-FESTA-MAJOR-768x531.jpg 768w, https:\/\/bisbalpenedes.com\/web\/wp-content\/uploads\/2021\/07\/REUNIO-PRE-FESTA-MAJOR-1536x1062.jpg 1536w, https:\/\/bisbalpenedes.com\/web\/wp-content\/uploads\/2021\/07\/REUNIO-PRE-FESTA-MAJOR-2048x1416.jpg 2048w\" sizes=\"(max-width: 1024px) 100vw, 1024px\" \/><\/figure>\n","protected":false},"excerpt":{"rendered":"<p>L\u2019Ajuntament de La Bisbal del Pened\u00e8s est\u00e0 treballant per organitzar una \u2018Diada Castellera Diferent\u2019 per al 15 d&#8217;agost, tenint en compte la situaci\u00f3 actual i la normativa de prevenci\u00f3 de &hellip; <a href=\"https:\/\/bisbalpenedes.com\/web\/2021\/07\/12\/lajuntament-de-la-bisbal-del-penedes-prepara-una-diada-castellera-diferent\/\" class=\"more-link\">Read More<\/a><\/p>\n","protected":false},"author":4,"featured_media":18485,"comment_status":"closed","ping_status":"closed","sticky":false,"template":"","format":"standard","meta":[],"categories":[20,1042,8],"tags":[3151,459,377,667,691,50,393,2173],"_links":{"self":[{"href":"https:\/\/bisbalpenedes.com\/web\/wp-json\/wp\/v2\/posts\/18484"}],"collection":[{"href":"https:\/\/bisbalpenedes.com\/web\/wp-json\/wp\/v2\/posts"}],"about":[{"href":"https:\/\/bisbalpenedes.com\/web\/wp-json\/wp\/v2\/types\/post"}],"author":[{"embeddable":true,"href":"https:\/\/bisbalpenedes.com\/web\/wp-json\/wp\/v2\/users\/4"}],"replies":[{"embeddable":true,"href":"https:\/\/bisbalpenedes.com\/web\/wp-json\/wp\/v2\/comments?post=18484"}],"version-history":[{"count":3,"href":"https:\/\/bisbalpenedes.com\/web\/wp-json\/wp\/v2\/posts\/18484\/revisions"}],"predecessor-version":[{"id":18488,"href":"https:\/\/bisbalpenedes.com\/web\/wp-json\/wp\/v2\/posts\/18484\/revisions\/18488"}],"wp:featuredmedia":[{"embeddable":true,"href":"https:\/\/bisbalpenedes.com\/web\/wp-json\/wp\/v2\/media\/18485"}],"wp:attachment":[{"href":"https:\/\/bisbalpenedes.com\/web\/wp-json\/wp\/v2\/media?parent=18484"}],"wp:term":[{"taxonomy":"category","embeddable":true,"href":"https:\/\/bisbalpenedes.com\/web\/wp-json\/wp\/v2\/categories?post=18484"},{"taxonomy":"post_tag","embeddable":true,"href":"https:\/\/bisbalpenedes.com\/web\/wp-json\/wp\/v2\/tags?post=18484"}],"curies":[{"name":"wp","href":"https:\/\/api.w.org\/{rel}","templated":true}]}}