{"id":18475,"date":"2021-07-12T14:23:56","date_gmt":"2021-07-12T12:23:56","guid":{"rendered":"https:\/\/bisbalpenedes.com\/web\/?p=18475"},"modified":"2021-07-12T14:24:31","modified_gmt":"2021-07-12T12:24:31","slug":"josep-martinez-sha-proclamat-campio-despanya-de-tennis-taula-en-la-categoria-65","status":"publish","type":"post","link":"https:\/\/bisbalpenedes.com\/web\/2021\/07\/12\/josep-martinez-sha-proclamat-campio-despanya-de-tennis-taula-en-la-categoria-65\/","title":{"rendered":"Josep Mart\u00ednez s&#8217;ha proclamat Campi\u00f3 d&#8217;Espanya de tennis taula en la categoria +65"},"content":{"rendered":"\n<p>El bisbalenc Josep Mart\u00ednez s\u2019ha proclamat Campi\u00f3 d\u2019Espanya de tennis taula, en la categoria +65, en la final celebrada durant els Campionats d\u2019Espanya a Antequera, els dies 3 i 4 de juliol. Mart\u00ednez juga amb el Club Tennis Taula Vilafranca.<\/p>\n\n\n\n<p>Enhorabona, Josep!<\/p>\n\n\n\n<hr class=\"wp-block-separator is-style-wide\"\/>\n\n\n\n<p>El bisbalense Josep Mart\u00ednez se ha proclamado Campe\u00f3n de Espa\u00f1a de tenis de mesa, en la categor\u00eda +65, en la final celebrada durante los Campeonatos de Espa\u00f1a en Antequera, los d\u00edas 3 y 4 de julio. Mart\u00ednez juega con el Club de Tennis Taula Vilafranca.<\/p>\n\n\n\n<p>\u00a1Enhorabuena, Josep!<\/p>\n\n\n\n<figure class=\"wp-block-image size-large\"><img loading=\"lazy\" width=\"887\" height=\"498\" src=\"https:\/\/bisbalpenedes.com\/web\/wp-content\/uploads\/2021\/07\/JOSEP-MARTINEZ-TENNIS-TAULA-2.png\" alt=\"\" class=\"wp-image-18477\" srcset=\"https:\/\/bisbalpenedes.com\/web\/wp-content\/uploads\/2021\/07\/JOSEP-MARTINEZ-TENNIS-TAULA-2.png 887w, https:\/\/bisbalpenedes.com\/web\/wp-content\/uploads\/2021\/07\/JOSEP-MARTINEZ-TENNIS-TAULA-2-600x337.png 600w, https:\/\/bisbalpenedes.com\/web\/wp-content\/uploads\/2021\/07\/JOSEP-MARTINEZ-TENNIS-TAULA-2-300x168.png 300w, https:\/\/bisbalpenedes.com\/web\/wp-content\/uploads\/2021\/07\/JOSEP-MARTINEZ-TENNIS-TAULA-2-768x431.png 768w\" sizes=\"(max-width: 887px) 100vw, 887px\" \/><\/figure>\n","protected":false},"excerpt":{"rendered":"<p>El bisbalenc Josep Mart\u00ednez s\u2019ha proclamat Campi\u00f3 d\u2019Espanya de tennis taula, en la categoria +65, en la final celebrada durant els Campionats d\u2019Espanya a Antequera, els dies 3 i 4 &hellip; <a href=\"https:\/\/bisbalpenedes.com\/web\/2021\/07\/12\/josep-martinez-sha-proclamat-campio-despanya-de-tennis-taula-en-la-categoria-65\/\" class=\"more-link\">Read More<\/a><\/p>\n","protected":false},"author":4,"featured_media":18476,"comment_status":"closed","ping_status":"closed","sticky":false,"template":"","format":"standard","meta":[],"categories":[2370,19,8],"tags":[],"_links":{"self":[{"href":"https:\/\/bisbalpenedes.com\/web\/wp-json\/wp\/v2\/posts\/18475"}],"collection":[{"href":"https:\/\/bisbalpenedes.com\/web\/wp-json\/wp\/v2\/posts"}],"about":[{"href":"https:\/\/bisbalpenedes.com\/web\/wp-json\/wp\/v2\/types\/post"}],"author":[{"embeddable":true,"href":"https:\/\/bisbalpenedes.com\/web\/wp-json\/wp\/v2\/users\/4"}],"replies":[{"embeddable":true,"href":"https:\/\/bisbalpenedes.com\/web\/wp-json\/wp\/v2\/comments?post=18475"}],"version-history":[{"count":2,"href":"https:\/\/bisbalpenedes.com\/web\/wp-json\/wp\/v2\/posts\/18475\/revisions"}],"predecessor-version":[{"id":18479,"href":"https:\/\/bisbalpenedes.com\/web\/wp-json\/wp\/v2\/posts\/18475\/revisions\/18479"}],"wp:featuredmedia":[{"embeddable":true,"href":"https:\/\/bisbalpenedes.com\/web\/wp-json\/wp\/v2\/media\/18476"}],"wp:attachment":[{"href":"https:\/\/bisbalpenedes.com\/web\/wp-json\/wp\/v2\/media?parent=18475"}],"wp:term":[{"taxonomy":"category","embeddable":true,"href":"https:\/\/bisbalpenedes.com\/web\/wp-json\/wp\/v2\/categories?post=18475"},{"taxonomy":"post_tag","embeddable":true,"href":"https:\/\/bisbalpenedes.com\/web\/wp-json\/wp\/v2\/tags?post=18475"}],"curies":[{"name":"wp","href":"https:\/\/api.w.org\/{rel}","templated":true}]}}