{"id":18472,"date":"2021-07-10T13:08:45","date_gmt":"2021-07-10T11:08:45","guid":{"rendered":"https:\/\/bisbalpenedes.com\/web\/?p=18472"},"modified":"2021-07-10T13:08:45","modified_gmt":"2021-07-10T11:08:45","slug":"la-comissio-especial-de-comptes-de-lexercici-2020-tindra-lloc-el-2-dagost","status":"publish","type":"post","link":"https:\/\/bisbalpenedes.com\/web\/2021\/07\/10\/la-comissio-especial-de-comptes-de-lexercici-2020-tindra-lloc-el-2-dagost\/","title":{"rendered":"La Comissi\u00f3 Especial de Comptes de l\u2019exercici 2020 tindr\u00e0 lloc el 2 d\u2019agost"},"content":{"rendered":"\n<p>Aquest divendres 8 de juliol s\u2019ha convocat la Comissi\u00f3 Especial de Comptes de l\u2019exercici 2020. Tindr\u00e0 lloc el 2 d\u2019agost a les 10h a l\u2019Ajuntament de la Bisbal del Pened\u00e8s.<\/p>\n\n\n\n<p>L\u2019objectiu de la Comissi\u00f3 Especial de Comptes \u00e9s examinar, estudiar i informar del Compte General anual del Pressupost de l\u2019Ajuntament en compliment del que disposa la Llei i el ROM. La Comissi\u00f3 es convoca amb m\u00e9s de quinze dies d\u2019antelaci\u00f3 perqu\u00e8 els regidors i les regidores puguin consultar la documentaci\u00f3 de l\u2019expedient, tant electr\u00f2nicament com presencialment.<\/p>\n\n\n\n<p>La Comissi\u00f3 de Comptes est\u00e0 integrada per un membre de cada grup pol\u00edtic de la Corporaci\u00f3 amb vot ponderat, en aquest cas:<\/p>\n\n\n\n<ul><li>Feliu Gil en representaci\u00f3 de Comprom\u00eds amb la Bisbal (6 vots ponderats)<\/li><li>Daniel Caballero en representaci\u00f3 del PSC (2 vots ponderats)<\/li><li>Xavier Faura en representaci\u00f3 d\u2019Units per la Bisbal-FIC (1 vot ponderat)<\/li><li>Maguy Antol\u00edn en representaci\u00f3 d\u2019Ara la Bisbal (1 vot ponderat)<\/li><li>S\u00edlvia Monfort en representaci\u00f3 d\u2019ERC-AM (1 vot ponderat)<\/li><\/ul>\n\n\n\n<p>Tamb\u00e9 pren part de la Comissi\u00f3 de comptes l\u2019alcaldessa de la Bisbal del Pened\u00e8s, Agn\u00e8s Ferr\u00e9, com a presidenta.<\/p>\n\n\n\n<hr class=\"wp-block-separator is-style-wide\"\/>\n\n\n\n<p>Este viernes 8 de julio se ha convocado la Comisi\u00f3n Especial de Cuentas del ejercicio 2020. Tendr\u00e1 lugar el 2 de agosto a las 10h en el Ayuntamiento de la Bisbal del Pened\u00e8s.<\/p>\n\n\n\n<p>El objetivo de la Comisi\u00f3n Especial de Cuentas es examinar, estudiar e informar de la Cuenta General anual del Presupuesto del Ayuntamiento en cumplimiento de lo que dispone la Ley y el ROM. La Comisi\u00f3n se convoca con m\u00e1s de quince d\u00edas de antelaci\u00f3n para que los concejales y las concejalas puedan consultar la documentaci\u00f3n del expediente, tanto electr\u00f3nicamente como presencialmente.<\/p>\n\n\n\n<p>La Comisi\u00f3n de Cuentas est\u00e1 integrada por un miembro de cada grupo pol\u00edtico de la Corporaci\u00f3n con voto ponderado, en este caso:<\/p>\n\n\n\n<ul><li>Feliu Gil en representaci\u00f3n de Comprom\u00eds amb la Bisbal (6 votos ponderados)<\/li><li>Daniel Caballero en representaci\u00f3n del PSC (2 votos ponderados)<\/li><li>Xavier Faura en representaci\u00f3n de Units per la Bisbal-FIC (1 votos ponderados)<\/li><li>Maguy Antol\u00edn en representaci\u00f3n de Ara la Bisbal (1 votos ponderados)<\/li><li>S\u00edlvia Monfort en representaci\u00f3n de ERC-AM (1 voto ponderado)<\/li><\/ul>\n\n\n\n<p>Tambi\u00e9n toma parte de la Comisi\u00f3n de cuentas la alcaldesa de la Bisbal del Pened\u00e8s, Agn\u00e8s Ferr\u00e9, como presidenta.<\/p>\n","protected":false},"excerpt":{"rendered":"<p>Aquest divendres 8 de juliol s\u2019ha convocat la Comissi\u00f3 Especial de Comptes de l\u2019exercici 2020. Tindr\u00e0 lloc el 2 d\u2019agost a les 10h a l\u2019Ajuntament de la Bisbal del Pened\u00e8s. &hellip; <a href=\"https:\/\/bisbalpenedes.com\/web\/2021\/07\/10\/la-comissio-especial-de-comptes-de-lexercici-2020-tindra-lloc-el-2-dagost\/\" class=\"more-link\">Read More<\/a><\/p>\n","protected":false},"author":4,"featured_media":13539,"comment_status":"closed","ping_status":"closed","sticky":false,"template":"","format":"standard","meta":[],"categories":[2402,3835,8],"tags":[216,2077,3230,393,515],"_links":{"self":[{"href":"https:\/\/bisbalpenedes.com\/web\/wp-json\/wp\/v2\/posts\/18472"}],"collection":[{"href":"https:\/\/bisbalpenedes.com\/web\/wp-json\/wp\/v2\/posts"}],"about":[{"href":"https:\/\/bisbalpenedes.com\/web\/wp-json\/wp\/v2\/types\/post"}],"author":[{"embeddable":true,"href":"https:\/\/bisbalpenedes.com\/web\/wp-json\/wp\/v2\/users\/4"}],"replies":[{"embeddable":true,"href":"https:\/\/bisbalpenedes.com\/web\/wp-json\/wp\/v2\/comments?post=18472"}],"version-history":[{"count":1,"href":"https:\/\/bisbalpenedes.com\/web\/wp-json\/wp\/v2\/posts\/18472\/revisions"}],"predecessor-version":[{"id":18473,"href":"https:\/\/bisbalpenedes.com\/web\/wp-json\/wp\/v2\/posts\/18472\/revisions\/18473"}],"wp:featuredmedia":[{"embeddable":true,"href":"https:\/\/bisbalpenedes.com\/web\/wp-json\/wp\/v2\/media\/13539"}],"wp:attachment":[{"href":"https:\/\/bisbalpenedes.com\/web\/wp-json\/wp\/v2\/media?parent=18472"}],"wp:term":[{"taxonomy":"category","embeddable":true,"href":"https:\/\/bisbalpenedes.com\/web\/wp-json\/wp\/v2\/categories?post=18472"},{"taxonomy":"post_tag","embeddable":true,"href":"https:\/\/bisbalpenedes.com\/web\/wp-json\/wp\/v2\/tags?post=18472"}],"curies":[{"name":"wp","href":"https:\/\/api.w.org\/{rel}","templated":true}]}}