{"id":18406,"date":"2021-07-01T17:58:40","date_gmt":"2021-07-01T15:58:40","guid":{"rendered":"https:\/\/bisbalpenedes.com\/web\/?p=18406"},"modified":"2021-07-01T18:56:08","modified_gmt":"2021-07-01T16:56:08","slug":"fins-al-2-dagost-podeu-participar-en-la-consulta-publica-per-a-la-confeccio-del-reglament-dus-dels-habitatges-socials","status":"publish","type":"post","link":"https:\/\/bisbalpenedes.com\/web\/2021\/07\/01\/fins-al-2-dagost-podeu-participar-en-la-consulta-publica-per-a-la-confeccio-del-reglament-dus-dels-habitatges-socials\/","title":{"rendered":"Fins al 2 d&#8217;agost de 2021 podeu participar en la consulta p\u00fablica per a la confecci\u00f3 del reglament d&#8217;\u00fas dels habitatges socials"},"content":{"rendered":"\n<p>Fins al 2 d&#8217;agost de 2021 podeu participar en la consulta p\u00fablica per a la confecci\u00f3 del reglament d&#8217;\u00fas dels habitatges socials (antigues cases dels mestres).<\/p>\n\n\n\n<p>L\u2019objectiu de la consulta \u00e9s recollir l\u2019opini\u00f3 dels ciutadans i organitzacions m\u00e9s representatives potencialment afectades per la futura norma.&nbsp;<\/p>\n\n\n\n<p><strong>Podeu participar en la consulta accedint a l\u2019enlla\u00e7: <\/strong><a href=\"https:\/\/bit.ly\/2TihptF\">https:\/\/bit.ly\/2TihptF<\/a><\/p>\n\n\n\n<p>Una vegada redactada la proposta de reglament, aquesta haur\u00e0 d\u2019aprovar-se al Ple de la Corporaci\u00f3 municipal.<\/p>\n\n\n\n<hr class=\"wp-block-separator is-style-wide\"\/>\n\n\n\n<p>Hasta el 2 de agosto de 2021 pod\u00e9is participar en la consulta p\u00fablica para la confecci\u00f3n del reglamento de las normas de uso de las viviendas sociales (antiguas casas de los maestros).<\/p>\n\n\n\n<p>El objetivo de la consulta es recoger la opini\u00f3n de los ciudadanos y organizaciones m\u00e1s representativas potencialmente afectadas por la futura norma.<\/p>\n\n\n\n<p><strong>Pod\u00e9is participar en la consulta accediendo al enlace: <a href=\"https:\/\/bit.ly\/3dyKbNi\">https:\/\/bit.ly\/2TihptF<\/a><\/strong><\/p>\n\n\n\n<p>Una vez se haya redactado la propuesta de reglamento, esta se tendr\u00e1 que aprobar en el Pleno de la Corporaci\u00f3n municipal.<\/p>\n","protected":false},"excerpt":{"rendered":"<p>Fins al 2 d&#8217;agost de 2021 podeu participar en la consulta p\u00fablica per a la confecci\u00f3 del reglament d&#8217;\u00fas dels habitatges socials (antigues cases dels mestres). L\u2019objectiu de la consulta &hellip; <a href=\"https:\/\/bisbalpenedes.com\/web\/2021\/07\/01\/fins-al-2-dagost-podeu-participar-en-la-consulta-publica-per-a-la-confeccio-del-reglament-dus-dels-habitatges-socials\/\" class=\"more-link\">Read More<\/a><\/p>\n","protected":false},"author":4,"featured_media":18407,"comment_status":"closed","ping_status":"closed","sticky":false,"template":"","format":"standard","meta":[],"categories":[2402,3125,1628,8],"tags":[384,122,3096,794],"_links":{"self":[{"href":"https:\/\/bisbalpenedes.com\/web\/wp-json\/wp\/v2\/posts\/18406"}],"collection":[{"href":"https:\/\/bisbalpenedes.com\/web\/wp-json\/wp\/v2\/posts"}],"about":[{"href":"https:\/\/bisbalpenedes.com\/web\/wp-json\/wp\/v2\/types\/post"}],"author":[{"embeddable":true,"href":"https:\/\/bisbalpenedes.com\/web\/wp-json\/wp\/v2\/users\/4"}],"replies":[{"embeddable":true,"href":"https:\/\/bisbalpenedes.com\/web\/wp-json\/wp\/v2\/comments?post=18406"}],"version-history":[{"count":6,"href":"https:\/\/bisbalpenedes.com\/web\/wp-json\/wp\/v2\/posts\/18406\/revisions"}],"predecessor-version":[{"id":20157,"href":"https:\/\/bisbalpenedes.com\/web\/wp-json\/wp\/v2\/posts\/18406\/revisions\/20157"}],"wp:featuredmedia":[{"embeddable":true,"href":"https:\/\/bisbalpenedes.com\/web\/wp-json\/wp\/v2\/media\/18407"}],"wp:attachment":[{"href":"https:\/\/bisbalpenedes.com\/web\/wp-json\/wp\/v2\/media?parent=18406"}],"wp:term":[{"taxonomy":"category","embeddable":true,"href":"https:\/\/bisbalpenedes.com\/web\/wp-json\/wp\/v2\/categories?post=18406"},{"taxonomy":"post_tag","embeddable":true,"href":"https:\/\/bisbalpenedes.com\/web\/wp-json\/wp\/v2\/tags?post=18406"}],"curies":[{"name":"wp","href":"https:\/\/api.w.org\/{rel}","templated":true}]}}