{"id":184,"date":"2012-10-09T19:05:06","date_gmt":"2012-10-09T13:05:06","guid":{"rendered":"http:\/\/bisbalpenedes.com\/web\/?p=184"},"modified":"2012-10-17T15:56:29","modified_gmt":"2012-10-17T09:56:29","slug":"informant-als-veins-del-papagai-sobre-les-brosses","status":"publish","type":"post","link":"https:\/\/bisbalpenedes.com\/web\/2012\/10\/09\/informant-als-veins-del-papagai-sobre-les-brosses\/","title":{"rendered":"Informant als veins del Papagai sobre les brosses"},"content":{"rendered":"<p><a href=\"http:\/\/bisbalpenedes.com\/web\/wp-content\/uploads\/2012\/10\/reunio-papa-apa.jpg\"><img loading=\"lazy\" class=\"alignright size-thumbnail wp-image-187\" title=\"reunio-papa-apa\" src=\"http:\/\/bisbalpenedes.com\/web\/wp-content\/uploads\/2012\/10\/reunio-papa-apa-150x150.jpg\" alt=\"\" width=\"150\" height=\"150\" srcset=\"https:\/\/bisbalpenedes.com\/web\/wp-content\/uploads\/2012\/10\/reunio-papa-apa-150x150.jpg 150w, https:\/\/bisbalpenedes.com\/web\/wp-content\/uploads\/2012\/10\/reunio-papa-apa-300x300.jpg 300w, https:\/\/bisbalpenedes.com\/web\/wp-content\/uploads\/2012\/10\/reunio-papa-apa-100x100.jpg 100w\" sizes=\"(max-width: 150px) 100vw, 150px\" \/><\/a>a Regidoria d\u2019urbanisme i serveis, juntament amb l\u2019empresa Cespa, el passat 1 de setembre ha iniciat el servei de recollida de residus en l\u2019urbanitzaci\u00f3 Papagai al sector de la Bisbal, informant als venis de la necessitat de donar una utilitat correcta als contenidors dipositant a cadasqun d\u2019ells la fracci\u00f3 que li corresp\u00f2n.<\/p>\n<p>Cada contenidor porta un cartell indicatiu informant del que es pot dipositar. Els residus de poda i mobles vells es poden dipositar en els llocs de sempre. Estem d\u2019acord en qu\u00e8 nom\u00e8s hi hagi un sols punt de recollida, anteriorment hi havia 9 punts de recollida dom\u00e8stica amb una capacitat de 9.900 litres, en l\u2019actualitat hi ha 7 contenidors amb una capacitat de 3.000 litres, que fan un total de 21.000 litres, suposant un benefici de 11.100 litres. Tamb\u00e9 s\u2019ha colocat 3 punts de recollida selectiva de paper, cartr\u00f3, vidre i pl\u00e0stic.<\/p>\n<p>S\u2019ha millorat sustancialment el servei que es presta als veins de l\u2019urbanitzaci\u00f3, equiparant aquestes recollides al resta del poble. A l\u2019estiu es pasa a recollir els dilluns, dimecres, divendres i dissabtes, i a l\u2019hivern; els dilluns, dijous i dissabtes.<\/p>\n<p>Aix\u00ed mateix s\u2019ha informat a tots els veins que per qualsevol dubte o per xerrar de les millores del servei poden trucar els dimecres o divendres i demanar pel Regidor de Serveis al tel\u00e9fon 977688438<\/p>\n","protected":false},"excerpt":{"rendered":"<p>a Regidoria d\u2019urbanisme i serveis, juntament amb l\u2019empresa Cespa, el passat 1 de setembre ha iniciat el servei de recollida de residus en l\u2019urbanitzaci\u00f3 Papagai al sector de la Bisbal, &hellip; <a href=\"https:\/\/bisbalpenedes.com\/web\/2012\/10\/09\/informant-als-veins-del-papagai-sobre-les-brosses\/\" class=\"more-link\">Read More<\/a><\/p>\n","protected":false},"author":1,"featured_media":186,"comment_status":"closed","ping_status":"open","sticky":false,"template":"","format":"standard","meta":[],"categories":[32],"tags":[23,24],"_links":{"self":[{"href":"https:\/\/bisbalpenedes.com\/web\/wp-json\/wp\/v2\/posts\/184"}],"collection":[{"href":"https:\/\/bisbalpenedes.com\/web\/wp-json\/wp\/v2\/posts"}],"about":[{"href":"https:\/\/bisbalpenedes.com\/web\/wp-json\/wp\/v2\/types\/post"}],"author":[{"embeddable":true,"href":"https:\/\/bisbalpenedes.com\/web\/wp-json\/wp\/v2\/users\/1"}],"replies":[{"embeddable":true,"href":"https:\/\/bisbalpenedes.com\/web\/wp-json\/wp\/v2\/comments?post=184"}],"version-history":[{"count":4,"href":"https:\/\/bisbalpenedes.com\/web\/wp-json\/wp\/v2\/posts\/184\/revisions"}],"predecessor-version":[{"id":261,"href":"https:\/\/bisbalpenedes.com\/web\/wp-json\/wp\/v2\/posts\/184\/revisions\/261"}],"wp:featuredmedia":[{"embeddable":true,"href":"https:\/\/bisbalpenedes.com\/web\/wp-json\/wp\/v2\/media\/186"}],"wp:attachment":[{"href":"https:\/\/bisbalpenedes.com\/web\/wp-json\/wp\/v2\/media?parent=184"}],"wp:term":[{"taxonomy":"category","embeddable":true,"href":"https:\/\/bisbalpenedes.com\/web\/wp-json\/wp\/v2\/categories?post=184"},{"taxonomy":"post_tag","embeddable":true,"href":"https:\/\/bisbalpenedes.com\/web\/wp-json\/wp\/v2\/tags?post=184"}],"curies":[{"name":"wp","href":"https:\/\/api.w.org\/{rel}","templated":true}]}}