{"id":18378,"date":"2021-07-01T06:17:32","date_gmt":"2021-07-01T04:17:32","guid":{"rendered":"https:\/\/bisbalpenedes.com\/web\/?p=18378"},"modified":"2021-07-01T06:17:32","modified_gmt":"2021-07-01T04:17:32","slug":"les-persones-nascudes-entre-1992-i-2005-es-podran-comencar-a-vacunar-el-6-de-juliol","status":"publish","type":"post","link":"https:\/\/bisbalpenedes.com\/web\/2021\/07\/01\/les-persones-nascudes-entre-1992-i-2005-es-podran-comencar-a-vacunar-el-6-de-juliol\/","title":{"rendered":"Les persones nascudes entre 1992 i 2005 es podran comen\u00e7ar a vacunar el 6 de juliol"},"content":{"rendered":"\n<p>Les persones nascudes entre els anys 1992 i 2005 es podran vacunar contra la COVID-19 a partir del dimarts 6 de juliol.Web per demanar dia i hora per a la vacunaci\u00f3: <a rel=\"noreferrer noopener\" href=\"http:\/\/vacunacovidsalut.cat\/\" target=\"_blank\">http:\/\/vacunacovidsalut.cat<\/a><\/p>\n\n\n\n<hr class=\"wp-block-separator is-style-wide\"\/>\n\n\n\n<p>Las personas nacidas entre los a\u00f1os 1992 y 2005 se podr\u00e1n vacunar contra la COVID-19 a partir del martes 6 de julio.Web para solicitar d\u00eda y hora para la vacunaci\u00f3n: <a rel=\"noreferrer noopener\" href=\"http:\/\/vacunacovidsalut.cat\/\" target=\"_blank\">http:\/\/vacunacovidsalut.cat<\/a><\/p>\n\n\n\n<p><\/p>\n","protected":false},"excerpt":{"rendered":"<p>Les persones nascudes entre els anys 1992 i 2005 es podran vacunar contra la COVID-19 a partir del dimarts 6 de juliol.Web per demanar dia i hora per a la &hellip; <a href=\"https:\/\/bisbalpenedes.com\/web\/2021\/07\/01\/les-persones-nascudes-entre-1992-i-2005-es-podran-comencar-a-vacunar-el-6-de-juliol\/\" class=\"more-link\">Read More<\/a><\/p>\n","protected":false},"author":4,"featured_media":18379,"comment_status":"closed","ping_status":"closed","sticky":false,"template":"","format":"standard","meta":[],"categories":[3636,4095,8,14],"tags":[3550,3559,2334,393,4601,431],"_links":{"self":[{"href":"https:\/\/bisbalpenedes.com\/web\/wp-json\/wp\/v2\/posts\/18378"}],"collection":[{"href":"https:\/\/bisbalpenedes.com\/web\/wp-json\/wp\/v2\/posts"}],"about":[{"href":"https:\/\/bisbalpenedes.com\/web\/wp-json\/wp\/v2\/types\/post"}],"author":[{"embeddable":true,"href":"https:\/\/bisbalpenedes.com\/web\/wp-json\/wp\/v2\/users\/4"}],"replies":[{"embeddable":true,"href":"https:\/\/bisbalpenedes.com\/web\/wp-json\/wp\/v2\/comments?post=18378"}],"version-history":[{"count":1,"href":"https:\/\/bisbalpenedes.com\/web\/wp-json\/wp\/v2\/posts\/18378\/revisions"}],"predecessor-version":[{"id":18380,"href":"https:\/\/bisbalpenedes.com\/web\/wp-json\/wp\/v2\/posts\/18378\/revisions\/18380"}],"wp:featuredmedia":[{"embeddable":true,"href":"https:\/\/bisbalpenedes.com\/web\/wp-json\/wp\/v2\/media\/18379"}],"wp:attachment":[{"href":"https:\/\/bisbalpenedes.com\/web\/wp-json\/wp\/v2\/media?parent=18378"}],"wp:term":[{"taxonomy":"category","embeddable":true,"href":"https:\/\/bisbalpenedes.com\/web\/wp-json\/wp\/v2\/categories?post=18378"},{"taxonomy":"post_tag","embeddable":true,"href":"https:\/\/bisbalpenedes.com\/web\/wp-json\/wp\/v2\/tags?post=18378"}],"curies":[{"name":"wp","href":"https:\/\/api.w.org\/{rel}","templated":true}]}}