{"id":18374,"date":"2021-07-01T06:14:56","date_gmt":"2021-07-01T04:14:56","guid":{"rendered":"https:\/\/bisbalpenedes.com\/web\/?p=18374"},"modified":"2021-07-01T06:16:10","modified_gmt":"2021-07-01T04:16:10","slug":"la-piscina-municipal-sobrira-avui-dijous-1-de-juliol-i-estara-oberta-fins-al-29-dagost","status":"publish","type":"post","link":"https:\/\/bisbalpenedes.com\/web\/2021\/07\/01\/la-piscina-municipal-sobrira-avui-dijous-1-de-juliol-i-estara-oberta-fins-al-29-dagost\/","title":{"rendered":"La piscina municipal obrir\u00e0 avui dijous 1 de juliol i estar\u00e0 oberta fins al 29 d\u2019agost"},"content":{"rendered":"\n<p><strong>La piscina municipal obrir\u00e0 avui dijous 1 de juliol i estar\u00e0 oberta fins al 29 d\u2019agost, d\u201911 del mat\u00ed a 8 de la tarda.<\/strong> <\/p>\n\n\n\n<p>Hi haur\u00e0 limitacions d\u2019acc\u00e9s i d\u2019aforament per assegurar el compliment de les mesures per la COVID-19. <\/p>\n\n\n\n<p>La zona de p\u00edcnic romandr\u00e0 tancada\/No hi haur\u00e0 hamaques\/Els vestuaris estaran tancats.<\/p>\n\n\n\n<hr class=\"wp-block-separator is-style-wide\"\/>\n\n\n\n<p><strong>La piscina municipal abrir\u00e1 hoy jueves 1 de julio y estar\u00e1 abierta hasta el 29 de agosto, de 11 de la ma\u00f1ana a 8 de la tarde<\/strong>. <\/p>\n\n\n\n<p>Habr\u00e1 limitaciones de acceso y aforo para asegurar el cumplimiento de las medidas por la COVID-19. <\/p>\n\n\n\n<p>La zona de p\u00edcnic estar\u00e1 cerrada\/No habr\u00e1 hamacas\/Los vestuarios estar\u00e1n cerrados.<\/p>\n\n\n\n<figure class=\"wp-block-image size-large\"><img loading=\"lazy\" width=\"723\" height=\"1024\" src=\"https:\/\/bisbalpenedes.com\/web\/wp-content\/uploads\/2021\/06\/CUIDEM-NOS-PISCINA-723x1024.jpg\" alt=\"\" class=\"wp-image-18331\" srcset=\"https:\/\/bisbalpenedes.com\/web\/wp-content\/uploads\/2021\/06\/CUIDEM-NOS-PISCINA-723x1024.jpg 723w, https:\/\/bisbalpenedes.com\/web\/wp-content\/uploads\/2021\/06\/CUIDEM-NOS-PISCINA-600x849.jpg 600w, https:\/\/bisbalpenedes.com\/web\/wp-content\/uploads\/2021\/06\/CUIDEM-NOS-PISCINA-212x300.jpg 212w, https:\/\/bisbalpenedes.com\/web\/wp-content\/uploads\/2021\/06\/CUIDEM-NOS-PISCINA-768x1087.jpg 768w, https:\/\/bisbalpenedes.com\/web\/wp-content\/uploads\/2021\/06\/CUIDEM-NOS-PISCINA-1085x1536.jpg 1085w, https:\/\/bisbalpenedes.com\/web\/wp-content\/uploads\/2021\/06\/CUIDEM-NOS-PISCINA-1447x2048.jpg 1447w, https:\/\/bisbalpenedes.com\/web\/wp-content\/uploads\/2021\/06\/CUIDEM-NOS-PISCINA.jpg 1754w\" sizes=\"(max-width: 723px) 100vw, 723px\" \/><\/figure>\n","protected":false},"excerpt":{"rendered":"<p>La piscina municipal obrir\u00e0 avui dijous 1 de juliol i estar\u00e0 oberta fins al 29 d\u2019agost, d\u201911 del mat\u00ed a 8 de la tarda. Hi haur\u00e0 limitacions d\u2019acc\u00e9s i d\u2019aforament &hellip; <a href=\"https:\/\/bisbalpenedes.com\/web\/2021\/07\/01\/la-piscina-municipal-sobrira-avui-dijous-1-de-juliol-i-estara-oberta-fins-al-29-dagost\/\" class=\"more-link\">Read More<\/a><\/p>\n","protected":false},"author":4,"featured_media":18253,"comment_status":"closed","ping_status":"closed","sticky":false,"template":"","format":"standard","meta":[],"categories":[19,8],"tags":[784,82,3837,74,266],"_links":{"self":[{"href":"https:\/\/bisbalpenedes.com\/web\/wp-json\/wp\/v2\/posts\/18374"}],"collection":[{"href":"https:\/\/bisbalpenedes.com\/web\/wp-json\/wp\/v2\/posts"}],"about":[{"href":"https:\/\/bisbalpenedes.com\/web\/wp-json\/wp\/v2\/types\/post"}],"author":[{"embeddable":true,"href":"https:\/\/bisbalpenedes.com\/web\/wp-json\/wp\/v2\/users\/4"}],"replies":[{"embeddable":true,"href":"https:\/\/bisbalpenedes.com\/web\/wp-json\/wp\/v2\/comments?post=18374"}],"version-history":[{"count":2,"href":"https:\/\/bisbalpenedes.com\/web\/wp-json\/wp\/v2\/posts\/18374\/revisions"}],"predecessor-version":[{"id":18377,"href":"https:\/\/bisbalpenedes.com\/web\/wp-json\/wp\/v2\/posts\/18374\/revisions\/18377"}],"wp:featuredmedia":[{"embeddable":true,"href":"https:\/\/bisbalpenedes.com\/web\/wp-json\/wp\/v2\/media\/18253"}],"wp:attachment":[{"href":"https:\/\/bisbalpenedes.com\/web\/wp-json\/wp\/v2\/media?parent=18374"}],"wp:term":[{"taxonomy":"category","embeddable":true,"href":"https:\/\/bisbalpenedes.com\/web\/wp-json\/wp\/v2\/categories?post=18374"},{"taxonomy":"post_tag","embeddable":true,"href":"https:\/\/bisbalpenedes.com\/web\/wp-json\/wp\/v2\/tags?post=18374"}],"curies":[{"name":"wp","href":"https:\/\/api.w.org\/{rel}","templated":true}]}}