{"id":18360,"date":"2021-06-30T11:11:22","date_gmt":"2021-06-30T09:11:22","guid":{"rendered":"https:\/\/bisbalpenedes.com\/web\/?p=18360"},"modified":"2021-06-30T11:11:22","modified_gmt":"2021-06-30T09:11:22","slug":"fins-al-20-de-juliol-podeu-demanar-la-subvencio-de-transport-escolar-de-lescola-ull-de-vent-2020-21","status":"publish","type":"post","link":"https:\/\/bisbalpenedes.com\/web\/2021\/06\/30\/fins-al-20-de-juliol-podeu-demanar-la-subvencio-de-transport-escolar-de-lescola-ull-de-vent-2020-21\/","title":{"rendered":"Fins al 20 de juliol podeu demanar la subvenci\u00f3 de transport escolar de l\u2019Escola Ull de Vent 2020\/21"},"content":{"rendered":"\n<p>Les fam\u00edlies interessades en accedir a la subvenci\u00f3 per al transport escolar de l\u2019Escola Ull de Vent poden sol\u00b7licitar la subvenci\u00f3 fins al 20 de juliol. Aquesta ajuda subvenciona part del cost del transport escolar del curs 2020\/21 per ajudar les fam\u00edlies a fer front a aquest cost.<\/p>\n\n\n\n<p><strong>Quantia de la subvenci\u00f3:<\/strong><\/p>\n\n\n\n<p>La quantia de la subvenci\u00f3 per beneficiari\/\u00e0ria i curs ser\u00e0 de:<\/p>\n\n\n\n<p>* 1 alumne: 9 \u20ac \/ mes<\/p>\n\n\n\n<p>* 1 alumne + 1 germ\u00e0: 15 \u20ac \/ mes<\/p>\n\n\n\n<p>* 1 alumne + 2 germans: 16 \u20ac \/ mes<\/p>\n\n\n\n<p>En el cas que es presenti un informe de serveis socials:<\/p>\n\n\n\n<p>* 1 alumne: 15 \u20ac \/ mes<\/p>\n\n\n\n<p>* 1 alumne + 1 germ\u00e0: 25 \u20ac \/ mes<\/p>\n\n\n\n<p>* 1 alumne + 2 germans: 30 \u20ac \/ mes<\/p>\n\n\n\n<p>(aquestes subvencions estan subjectes a l\u2019IRPF).<\/p>\n\n\n\n<p><strong>Requisits per ser beneficiaris:<\/strong><\/p>\n\n\n\n<ul><li>Fer \u00fas del transport escolar organitzat pel Consell Comarcal del Baix Pened\u00e8s.<\/li><li>Acreditar la despesa del pagament del transport.<\/li><li>Ser pare\/mare\/tutor legal de l\u2019alumne de l\u2019escola Ull de Vent.<\/li><li>Estar empadronats a la Bisbal del Pened\u00e8s l\u2019alumne i els seus progenitors o tutors legals. En cas que nom\u00e9s consti empadronat l\u2019alumne i un dels dos progenitors\/tutors, caldr\u00e0 justificar la seva gu\u00e0rdia i cust\u00f2dia.<\/li><li>Estar al corrent de pagament amb l\u2019Ajuntament de La Bisbal del Pened\u00e8s, Seguretat Social i l\u2019Ag\u00e8ncia tribut\u00e0ria estatal i auton\u00f2mica<\/li><\/ul>\n\n\n\n<p>Per a m\u00e9s informaci\u00f3 I per descarregar la documentaci\u00f3 necess\u00e0ria podeu accedir al seg\u00fcent enlla\u00e7: <a href=\"https:\/\/l.facebook.com\/l.php?u=https%3A%2F%2Fbit.ly%2F3zNYIyb%3Ffbclid%3DIwAR3Zc-o8hotDWNsuSVLJeh99Nv7u70xrS5DWJmBQKBvmljf6R4NkW3UrKqw&amp;h=AT0DwdmQcXB-_n0gR3w4tIjhytn_BgA3KhD7BIcb5p69doy1UuNTzWdrOg-pEHPKmVPxoQ9NtLO2OtyR8YtxkwToWfG00vGAyBF8S6PzVIbyTq_kMPhSxkg1LCEoNvS5iy2qSryW-Q&amp;__tn__=-UK-R&amp;c%5B0%5D=AT2kNXGezl2f_W5jXh04QmovLUuMH2tB3vTmavTHHJKaJ_PkchJY4xHZDqdg1kk2OKyOvmDp5p78PasWT3rdwzBpzi_GwTZ-GnaYyk9OsIXK9tapdsTmBa8ewZ1HHVabfKu5drxSjnC_I89xRWVZ36H7M-uGHsSXefzr0hnwZyS99GiJ5Vo\">https:\/\/bit.ly\/3zNYIyb<\/a><\/p>\n\n\n\n<hr class=\"wp-block-separator is-style-wide\"\/>\n\n\n\n<p><strong>CASTELLANO |&nbsp;<\/strong>Las familias interesadas en acceder a la subvenci\u00f3n para el transporte escolar de la Escuela Ull de Vent pueden solicitar la subvenci\u00f3n hasta el 20 de julio. Esta ayuda subvenciona parte del coste del transporte escolar del curso 2020\/21 para ayudar a las familias a hacer frente a este coste.<\/p>\n\n\n\n<p><strong>Quant\u00eda de la subvenci\u00f3n<\/strong><\/p>\n\n\n\n<p>La quant\u00eda de la subvenci\u00f3n por beneficiario\/aria y curso ser\u00e1 de:<\/p>\n\n\n\n<p>* 1 alumno: 9 \u20ac \/ mes<\/p>\n\n\n\n<p>* 1 alumno + 1 hermano\/a: 15 \u20ac \/ mes<\/p>\n\n\n\n<p>* 1 alumno + 2 hermanos\/as: 16 \u20ac \/ mes<\/p>\n\n\n\n<p>En el cas de que se presente un informe de servicios sociales:<\/p>\n\n\n\n<p>* 1 alumno: 15 \u20ac \/ mes<\/p>\n\n\n\n<p>* 1 alumno + 1 hermano\/a: 25 \u20ac \/ mes<\/p>\n\n\n\n<p>* 1 alumno + 2 hermanos\/as: 30 \u20ac \/ mes<\/p>\n\n\n\n<p>(estas subvenciones est\u00e1n sujetas al IRPF)<\/p>\n\n\n\n<p><strong>Requisitos para ser beneficiarios:<\/strong><\/p>\n\n\n\n<ul><li>Hacer uso del transporte escolar organizado por el Consell Comarcal del Baix Pened\u00e8s<\/li><li>Acreditar el gasto del pago del transporte.<\/li><li>Ser padre\/madre\/tutor-a legal del\/la alumno\/a de la Escuela Ull de Vent<\/li><li>Estar empadronados en la Bisbal del Pened\u00e8s el alumno y sus progenitores o tutores legales. En caso que solamente conste empadronado el alumno y uno de los progenitores\/tutores, ser\u00e1 necesario justificar su guardia y custodia.<\/li><li>Estar al corriente de pago con el Ayuntamiento de La Bisbal del Pened\u00e8s, la Seguridad Social y la Agencia Tributaria estatal y auton\u00f3mica.<\/li><\/ul>\n\n\n\n<p>Para m\u00e1s informaci\u00f3n y para descargar la documentaci\u00f3n necesaria pod\u00e9is acceder al siguiente enlace: <a href=\"https:\/\/l.facebook.com\/l.php?u=https%3A%2F%2Fbit.ly%2F3zNYIyb%3Ffbclid%3DIwAR3Zc-o8hotDWNsuSVLJeh99Nv7u70xrS5DWJmBQKBvmljf6R4NkW3UrKqw&amp;h=AT0DwdmQcXB-_n0gR3w4tIjhytn_BgA3KhD7BIcb5p69doy1UuNTzWdrOg-pEHPKmVPxoQ9NtLO2OtyR8YtxkwToWfG00vGAyBF8S6PzVIbyTq_kMPhSxkg1LCEoNvS5iy2qSryW-Q&amp;__tn__=-UK-R&amp;c%5B0%5D=AT2kNXGezl2f_W5jXh04QmovLUuMH2tB3vTmavTHHJKaJ_PkchJY4xHZDqdg1kk2OKyOvmDp5p78PasWT3rdwzBpzi_GwTZ-GnaYyk9OsIXK9tapdsTmBa8ewZ1HHVabfKu5drxSjnC_I89xRWVZ36H7M-uGHsSXefzr0hnwZyS99GiJ5Vo\">https:\/\/bit.ly\/3zNYIyb<\/a><\/p>\n","protected":false},"excerpt":{"rendered":"<p>Les fam\u00edlies interessades en accedir a la subvenci\u00f3 per al transport escolar de l\u2019Escola Ull de Vent poden sol\u00b7licitar la subvenci\u00f3 fins al 20 de juliol. Aquesta ajuda subvenciona part &hellip; <a href=\"https:\/\/bisbalpenedes.com\/web\/2021\/06\/30\/fins-al-20-de-juliol-podeu-demanar-la-subvencio-de-transport-escolar-de-lescola-ull-de-vent-2020-21\/\" class=\"more-link\">Read More<\/a><\/p>\n","protected":false},"author":4,"featured_media":6391,"comment_status":"closed","ping_status":"closed","sticky":false,"template":"","format":"standard","meta":[],"categories":[3456,8,3431],"tags":[],"_links":{"self":[{"href":"https:\/\/bisbalpenedes.com\/web\/wp-json\/wp\/v2\/posts\/18360"}],"collection":[{"href":"https:\/\/bisbalpenedes.com\/web\/wp-json\/wp\/v2\/posts"}],"about":[{"href":"https:\/\/bisbalpenedes.com\/web\/wp-json\/wp\/v2\/types\/post"}],"author":[{"embeddable":true,"href":"https:\/\/bisbalpenedes.com\/web\/wp-json\/wp\/v2\/users\/4"}],"replies":[{"embeddable":true,"href":"https:\/\/bisbalpenedes.com\/web\/wp-json\/wp\/v2\/comments?post=18360"}],"version-history":[{"count":1,"href":"https:\/\/bisbalpenedes.com\/web\/wp-json\/wp\/v2\/posts\/18360\/revisions"}],"predecessor-version":[{"id":18361,"href":"https:\/\/bisbalpenedes.com\/web\/wp-json\/wp\/v2\/posts\/18360\/revisions\/18361"}],"wp:featuredmedia":[{"embeddable":true,"href":"https:\/\/bisbalpenedes.com\/web\/wp-json\/wp\/v2\/media\/6391"}],"wp:attachment":[{"href":"https:\/\/bisbalpenedes.com\/web\/wp-json\/wp\/v2\/media?parent=18360"}],"wp:term":[{"taxonomy":"category","embeddable":true,"href":"https:\/\/bisbalpenedes.com\/web\/wp-json\/wp\/v2\/categories?post=18360"},{"taxonomy":"post_tag","embeddable":true,"href":"https:\/\/bisbalpenedes.com\/web\/wp-json\/wp\/v2\/tags?post=18360"}],"curies":[{"name":"wp","href":"https:\/\/api.w.org\/{rel}","templated":true}]}}