{"id":18357,"date":"2021-06-30T11:51:25","date_gmt":"2021-06-30T09:51:25","guid":{"rendered":"https:\/\/bisbalpenedes.com\/web\/?p=18357"},"modified":"2021-06-30T11:51:25","modified_gmt":"2021-06-30T09:51:25","slug":"la-regidoria-de-comerc-fa-un-balanc-positiu-de-la-campanya-comercial-la-bisbal-experience-i-ha-comencat-a-treballar-en-noves-accions-dinamitzadores-i-formatives","status":"publish","type":"post","link":"https:\/\/bisbalpenedes.com\/web\/2021\/06\/30\/la-regidoria-de-comerc-fa-un-balanc-positiu-de-la-campanya-comercial-la-bisbal-experience-i-ha-comencat-a-treballar-en-noves-accions-dinamitzadores-i-formatives\/","title":{"rendered":"La Regidoria de Comer\u00e7 fa un balan\u00e7 positiu de la campanya comercial &#8220;La Bisbal Experience&#8221; i ha comen\u00e7at a treballar en noves accions dinamitzadores i formatives"},"content":{"rendered":"\n<p>La setmana passada va tenir lloc una reuni\u00f3 a l\u2019Ajuntament de la Bisbal del Pened\u00e8s per fer balan\u00e7 de la campanya comercial \u201cLa Bisbal Experience\u201d amb la Cambra de Comer\u00e7 de Tarragona i per abordar la propera actuaci\u00f3 dinamitzadora i formativa, que es dur\u00e0 a terme a la tardor.<\/p>\n\n\n\n<p>La regidora de Comer\u00e7, Judith Vidal, ha explicat que \u201cestem molt contents de com estan funcionant les campanyes de dinamitzaci\u00f3 comercial que hem realitzat fins ara. La darrera campanya, \u2018La Bisbal Experience\u2019, ha estat un \u00e8xit tant quant a les experi\u00e8ncies com quant als \u2018packs\u2019: n\u2019han gaudit m\u00e9s de 400 assistents. Una mostra d\u2019aix\u00f2 \u00e9s que hi ha establiments que encara estan duent a terme promocions similars a les de la campanya, despr\u00e9s de comprovar la bona acceptaci\u00f3 que han tingut\u201d. Vidal ha afegit que \u201cara ja hem fet balan\u00e7 de la campanya i ja estem treballant en la propera, que esperem que tingui tanta o m\u00e9s acceptaci\u00f3 que les campanyes que hem fet fins ara. Des d\u2019aqu\u00ed vull agrair la participaci\u00f3 i la il\u00b7lusi\u00f3 que hi posen els nostres comer\u00e7os i professionals\u201d.<\/p>\n\n\n\n<p>La Regidoria de Comer\u00e7 est\u00e0 oberta a tota classe de suggeriments per part de la ciutadania i els comerciants. La regidora ha explicat que \u201cel nostre inter\u00e8s \u00e9s sempre situar el comer\u00e7 local al lloc que mereix\u201d.<\/p>\n\n\n\n<hr class=\"wp-block-separator is-style-wide\"\/>\n\n\n\n<p><strong>CASTELLANO |<\/strong>&nbsp;La semana pasada se celebr\u00f3 una reuni\u00f3n en el Ayuntamiento de la Bisbal del Pened\u00e8s para hacer balance de la campa\u00f1a comercial \u201cLa Bisbal Experience\u201d con la C\u00e1mara de Comercio de Tarragona y para abordar la pr\u00f3xima actuaci\u00f3n dinamizadora y formativa, que se llevar\u00e1 a cabo en oto\u00f1o.<\/p>\n\n\n\n<p>La concejala de Comercio, Judith Vidal, ha explicado que \u201cestamos muy contentos de c\u00f3mo est\u00e1n funcionando las campa\u00f1as de dinamizaci\u00f3n comercial que hemos realizado hasta ahora. La \u00faltima campa\u00f1a, \u2018La Bisbal Experience\u2019, ha sido un \u00e9xito tanto por las experiencias como por los \u2018packs\u2019: han disfrutado de todo ello m\u00e1s de 400 asistentes. Una muestra de esto es que hay establecimientos que todav\u00eda est\u00e1n llevando a cabo promociones similares a las de la campa\u00f1a, despu\u00e9s de comprobar la buena aceptaci\u00f3n que han tenido\u201d. Vidal ha a\u00f1adido que \u201cahora ya hemos hecho balance de la campa\u00f1a y estamos trabajando en la pr\u00f3xima, que esperamos que tenga tanta o m\u00e1s aceptaci\u00f3n que las campa\u00f1as que hemos hecho hasta ahora. Desde aqu\u00ed quiero agradecer la participaci\u00f3n y la ilusi\u00f3n que ponen nuestros comercios y profesionales\u201d.<\/p>\n\n\n\n<p>La Concejal\u00eda de Comercio est\u00e1 abierta a toda clase de sugerencias por parte de la ciudadan\u00eda y los comerciantes. La concejala ha explicado que \u201cnuestro inter\u00e9s es siempre situar el comercio local en el sitio que se merece\u201d.<\/p>\n","protected":false},"excerpt":{"rendered":"<p>La setmana passada va tenir lloc una reuni\u00f3 a l\u2019Ajuntament de la Bisbal del Pened\u00e8s per fer balan\u00e7 de la campanya comercial \u201cLa Bisbal Experience\u201d amb la Cambra de Comer\u00e7 &hellip; <a href=\"https:\/\/bisbalpenedes.com\/web\/2021\/06\/30\/la-regidoria-de-comerc-fa-un-balanc-positiu-de-la-campanya-comercial-la-bisbal-experience-i-ha-comencat-a-treballar-en-noves-accions-dinamitzadores-i-formatives\/\" class=\"more-link\">Read More<\/a><\/p>\n","protected":false},"author":4,"featured_media":18358,"comment_status":"closed","ping_status":"closed","sticky":false,"template":"","format":"standard","meta":[],"categories":[3860,8],"tags":[459,4246,4194,1491,393,4515,4630],"_links":{"self":[{"href":"https:\/\/bisbalpenedes.com\/web\/wp-json\/wp\/v2\/posts\/18357"}],"collection":[{"href":"https:\/\/bisbalpenedes.com\/web\/wp-json\/wp\/v2\/posts"}],"about":[{"href":"https:\/\/bisbalpenedes.com\/web\/wp-json\/wp\/v2\/types\/post"}],"author":[{"embeddable":true,"href":"https:\/\/bisbalpenedes.com\/web\/wp-json\/wp\/v2\/users\/4"}],"replies":[{"embeddable":true,"href":"https:\/\/bisbalpenedes.com\/web\/wp-json\/wp\/v2\/comments?post=18357"}],"version-history":[{"count":2,"href":"https:\/\/bisbalpenedes.com\/web\/wp-json\/wp\/v2\/posts\/18357\/revisions"}],"predecessor-version":[{"id":18369,"href":"https:\/\/bisbalpenedes.com\/web\/wp-json\/wp\/v2\/posts\/18357\/revisions\/18369"}],"wp:featuredmedia":[{"embeddable":true,"href":"https:\/\/bisbalpenedes.com\/web\/wp-json\/wp\/v2\/media\/18358"}],"wp:attachment":[{"href":"https:\/\/bisbalpenedes.com\/web\/wp-json\/wp\/v2\/media?parent=18357"}],"wp:term":[{"taxonomy":"category","embeddable":true,"href":"https:\/\/bisbalpenedes.com\/web\/wp-json\/wp\/v2\/categories?post=18357"},{"taxonomy":"post_tag","embeddable":true,"href":"https:\/\/bisbalpenedes.com\/web\/wp-json\/wp\/v2\/tags?post=18357"}],"curies":[{"name":"wp","href":"https:\/\/api.w.org\/{rel}","templated":true}]}}