{"id":18344,"date":"2021-06-29T13:37:40","date_gmt":"2021-06-29T11:37:40","guid":{"rendered":"https:\/\/bisbalpenedes.com\/web\/?p=18344"},"modified":"2021-06-29T13:38:27","modified_gmt":"2021-06-29T11:38:27","slug":"recordatori-terminis-del-calendari-fiscal-que-vencen-properament-2","status":"publish","type":"post","link":"https:\/\/bisbalpenedes.com\/web\/2021\/06\/29\/recordatori-terminis-del-calendari-fiscal-que-vencen-properament-2\/","title":{"rendered":"Recordatori: terminis del Calendari Fiscal que vencen properament"},"content":{"rendered":"\n<p>Fins dem\u00e0 30 de juny podeu abonar, en per\u00edode voluntari, el primer rebut de l&#8217;Impost sobre B\u00e9ns Immobles urbans i el primer rebut de l&#8217;Impost sobre B\u00e9ns Immobles de caracter\u00edstiques especials. Dem\u00e0 30 de juny comen\u00e7a el termini per abonar l&#8217;Impost sobre B\u00e9ns Immobles de naturalesa r\u00fastica i la taxa d&#8217;ocupaci\u00f3 de domini p\u00fablic.Podeu fer el pagament a trav\u00e9s del web de BASE: <a rel=\"noreferrer noopener\" href=\"https:\/\/www.base.cat\/web\/ca\/ciutadans\/index.html\" target=\"_blank\">https:\/\/www.base.cat\/web\/ca\/ciutadans\/index.html<\/a><\/p>\n\n\n\n<hr class=\"wp-block-separator is-style-wide\"\/>\n\n\n\n<p><strong>CASTELLANO | <\/strong>Hasta ma\u00f1ana 30 de junio de 2021 pod\u00e9is abonar, en periodo voluntario, el primer recibo del Impuesto sobre Bienes Inmuebles urbanos y el primer recibo del Impuesto sobre Bienes Inmuebles de caracter\u00edsticas especiales.Ma\u00f1ana 30 de junio empieza el plazo para abonar el Impuesto sobre Bienes Inmuebles de naturaleza r\u00fastica y la tasa de ocupaci\u00f3n de dominio p\u00fablico.Pod\u00e9is hacer el pago a trav\u00e9s de la web de BASE: <a rel=\"noreferrer noopener\" href=\"https:\/\/www.base.cat\/web\/ca\/ciutadans\/index.html\" target=\"_blank\">https:\/\/www.base.cat\/web\/ca\/ciutadans\/index.html<\/a><br><\/p>\n\n\n\n<figure class=\"wp-block-image size-large\"><img loading=\"lazy\" width=\"711\" height=\"374\" src=\"https:\/\/bisbalpenedes.com\/web\/wp-content\/uploads\/2021\/06\/calendari-fiscal-2021-2.png\" alt=\"\" class=\"wp-image-18346\" srcset=\"https:\/\/bisbalpenedes.com\/web\/wp-content\/uploads\/2021\/06\/calendari-fiscal-2021-2.png 711w, https:\/\/bisbalpenedes.com\/web\/wp-content\/uploads\/2021\/06\/calendari-fiscal-2021-2-600x316.png 600w, https:\/\/bisbalpenedes.com\/web\/wp-content\/uploads\/2021\/06\/calendari-fiscal-2021-2-300x158.png 300w\" sizes=\"(max-width: 711px) 100vw, 711px\" \/><\/figure>\n","protected":false},"excerpt":{"rendered":"<p>Fins dem\u00e0 30 de juny podeu abonar, en per\u00edode voluntari, el primer rebut de l&#8217;Impost sobre B\u00e9ns Immobles urbans i el primer rebut de l&#8217;Impost sobre B\u00e9ns Immobles de caracter\u00edstiques &hellip; <a href=\"https:\/\/bisbalpenedes.com\/web\/2021\/06\/29\/recordatori-terminis-del-calendari-fiscal-que-vencen-properament-2\/\" class=\"more-link\">Read More<\/a><\/p>\n","protected":false},"author":4,"featured_media":17703,"comment_status":"closed","ping_status":"closed","sticky":false,"template":"","format":"standard","meta":[],"categories":[1628,3835,8],"tags":[977,1130,2153,393,2428],"_links":{"self":[{"href":"https:\/\/bisbalpenedes.com\/web\/wp-json\/wp\/v2\/posts\/18344"}],"collection":[{"href":"https:\/\/bisbalpenedes.com\/web\/wp-json\/wp\/v2\/posts"}],"about":[{"href":"https:\/\/bisbalpenedes.com\/web\/wp-json\/wp\/v2\/types\/post"}],"author":[{"embeddable":true,"href":"https:\/\/bisbalpenedes.com\/web\/wp-json\/wp\/v2\/users\/4"}],"replies":[{"embeddable":true,"href":"https:\/\/bisbalpenedes.com\/web\/wp-json\/wp\/v2\/comments?post=18344"}],"version-history":[{"count":2,"href":"https:\/\/bisbalpenedes.com\/web\/wp-json\/wp\/v2\/posts\/18344\/revisions"}],"predecessor-version":[{"id":18347,"href":"https:\/\/bisbalpenedes.com\/web\/wp-json\/wp\/v2\/posts\/18344\/revisions\/18347"}],"wp:featuredmedia":[{"embeddable":true,"href":"https:\/\/bisbalpenedes.com\/web\/wp-json\/wp\/v2\/media\/17703"}],"wp:attachment":[{"href":"https:\/\/bisbalpenedes.com\/web\/wp-json\/wp\/v2\/media?parent=18344"}],"wp:term":[{"taxonomy":"category","embeddable":true,"href":"https:\/\/bisbalpenedes.com\/web\/wp-json\/wp\/v2\/categories?post=18344"},{"taxonomy":"post_tag","embeddable":true,"href":"https:\/\/bisbalpenedes.com\/web\/wp-json\/wp\/v2\/tags?post=18344"}],"curies":[{"name":"wp","href":"https:\/\/api.w.org\/{rel}","templated":true}]}}