{"id":18340,"date":"2021-06-29T13:24:43","date_gmt":"2021-06-29T11:24:43","guid":{"rendered":"https:\/\/bisbalpenedes.com\/web\/?p=18340"},"modified":"2021-06-29T13:26:16","modified_gmt":"2021-06-29T11:26:16","slug":"el-dissabte-3-de-juliol-a-les-20h-concert-a-la-societat-amb-el-cor-de-noies-de-lemmpac-una-proposta-del-cor-zongora","status":"publish","type":"post","link":"https:\/\/bisbalpenedes.com\/web\/2021\/06\/29\/el-dissabte-3-de-juliol-a-les-20h-concert-a-la-societat-amb-el-cor-de-noies-de-lemmpac-una-proposta-del-cor-zongora\/","title":{"rendered":"El dissabte 3 de juliol a les 20h tindr\u00e0 lloc un concert a la Societat amb el cor de noies de l&#8217;EMMPAC &#8211; Una proposta del Cor Z\u00f3ngora"},"content":{"rendered":"\n<p>El dissabte 3 de juliol, a les 20h, la Societat Cultural i Recreativa Bisbalenca acollir\u00e0 \u201cTradici\u00f3 i poesia\u201d, una proposta del Cor Z\u00f3ngora que marida poemes i can\u00e7ons de la m\u00e0 del cor de noies de l\u2019EMMPAC. Per a m\u00e9s informaci\u00f3 podeu consultar el cartell adjunt.<\/p>\n\n\n\n<hr class=\"wp-block-separator is-style-wide\"\/>\n\n\n\n<p><br>El s\u00e1bado 3 de julio, a las 20h, la Societat Cultural i Recreativa Bisbalenca acoger\u00e1 &#8220;Tradici\u00f3n y pose\u00eda&#8221;, una propuesta del Cor Z\u00f3ngora que marida poemas y canciones de la mano del coro de chicas del EMMPAC. Para m\u00e1s informaci\u00f3n pod\u00e9is consultar el cartel adjunto.<br><\/p>\n","protected":false},"excerpt":{"rendered":"<p>El dissabte 3 de juliol, a les 20h, la Societat Cultural i Recreativa Bisbalenca acollir\u00e0 \u201cTradici\u00f3 i poesia\u201d, una proposta del Cor Z\u00f3ngora que marida poemes i can\u00e7ons de la &hellip; <a href=\"https:\/\/bisbalpenedes.com\/web\/2021\/06\/29\/el-dissabte-3-de-juliol-a-les-20h-concert-a-la-societat-amb-el-cor-de-noies-de-lemmpac-una-proposta-del-cor-zongora\/\" class=\"more-link\">Read More<\/a><\/p>\n","protected":false},"author":4,"featured_media":18214,"comment_status":"closed","ping_status":"closed","sticky":false,"template":"","format":"standard","meta":[],"categories":[2942,20,8],"tags":[73,4604,4605,393,2776],"_links":{"self":[{"href":"https:\/\/bisbalpenedes.com\/web\/wp-json\/wp\/v2\/posts\/18340"}],"collection":[{"href":"https:\/\/bisbalpenedes.com\/web\/wp-json\/wp\/v2\/posts"}],"about":[{"href":"https:\/\/bisbalpenedes.com\/web\/wp-json\/wp\/v2\/types\/post"}],"author":[{"embeddable":true,"href":"https:\/\/bisbalpenedes.com\/web\/wp-json\/wp\/v2\/users\/4"}],"replies":[{"embeddable":true,"href":"https:\/\/bisbalpenedes.com\/web\/wp-json\/wp\/v2\/comments?post=18340"}],"version-history":[{"count":2,"href":"https:\/\/bisbalpenedes.com\/web\/wp-json\/wp\/v2\/posts\/18340\/revisions"}],"predecessor-version":[{"id":18343,"href":"https:\/\/bisbalpenedes.com\/web\/wp-json\/wp\/v2\/posts\/18340\/revisions\/18343"}],"wp:featuredmedia":[{"embeddable":true,"href":"https:\/\/bisbalpenedes.com\/web\/wp-json\/wp\/v2\/media\/18214"}],"wp:attachment":[{"href":"https:\/\/bisbalpenedes.com\/web\/wp-json\/wp\/v2\/media?parent=18340"}],"wp:term":[{"taxonomy":"category","embeddable":true,"href":"https:\/\/bisbalpenedes.com\/web\/wp-json\/wp\/v2\/categories?post=18340"},{"taxonomy":"post_tag","embeddable":true,"href":"https:\/\/bisbalpenedes.com\/web\/wp-json\/wp\/v2\/tags?post=18340"}],"curies":[{"name":"wp","href":"https:\/\/api.w.org\/{rel}","templated":true}]}}