{"id":1834,"date":"2016-10-25T16:27:05","date_gmt":"2016-10-25T10:27:05","guid":{"rendered":"http:\/\/bisbalpenedes.com\/web\/?p=1834"},"modified":"2016-10-25T16:27:17","modified_gmt":"2016-10-25T10:27:17","slug":"situacio-actual-del-poble-sahraui","status":"publish","type":"post","link":"https:\/\/bisbalpenedes.com\/web\/2016\/10\/25\/situacio-actual-del-poble-sahraui\/","title":{"rendered":"SITUACI\u00d3 ACTUAL DEL POBLE SAHRAU\u00cd"},"content":{"rendered":"<p>Dissabte 29 d\u2019octubre a les 20:00 al Centre Municipal de Cultura<br \/>\nSITUACI\u00d3 ACTUAL DEL POBLE SAHRAU\u00cd<br \/>\nPOBLE EXILIAT I REFUGIAT A ALG\u00c8RIA I OCUPAT PEL MARROC<br \/>\na c\u00e0rrec de Mah Idahdi, Delegat de la Rep\u00fablica \u00c0rab Sahrau\u00ed Democr\u00e0tica a Catalunya<br \/>\nProjecci\u00f3 del curmetratge &#8211; Explicaci\u00f3n del conflicto del S\u00e1hara Occidental<br \/>\nInauguraci\u00f3 i presentaci\u00f3 de l\u2019exposici\u00f3 de fotografies \u201cEl Poble Sahrau\u00ed\u201d<\/p>\n<p><a href=\"http:\/\/bisbalpenedes.com\/web\/wp-content\/uploads\/2016\/10\/SAHARA2016_CARTELL.jpg\"><img loading=\"lazy\" src=\"http:\/\/bisbalpenedes.com\/web\/wp-content\/uploads\/2016\/10\/SAHARA2016_CARTELL-300x212.jpg\" alt=\"\" title=\"SAHARA2016_CARTELL\" width=\"300\" height=\"212\" class=\"alignleft size-medium wp-image-1835\" srcset=\"https:\/\/bisbalpenedes.com\/web\/wp-content\/uploads\/2016\/10\/SAHARA2016_CARTELL-300x212.jpg 300w, https:\/\/bisbalpenedes.com\/web\/wp-content\/uploads\/2016\/10\/SAHARA2016_CARTELL-600x424.jpg 600w, https:\/\/bisbalpenedes.com\/web\/wp-content\/uploads\/2016\/10\/SAHARA2016_CARTELL-1024x724.jpg 1024w\" sizes=\"(max-width: 300px) 100vw, 300px\" \/><\/a><\/p>\n","protected":false},"excerpt":{"rendered":"<p>Dissabte 29 d\u2019octubre a les 20:00 al Centre Municipal de Cultura SITUACI\u00d3 ACTUAL DEL POBLE SAHRAU\u00cd POBLE EXILIAT I REFUGIAT A ALG\u00c8RIA I OCUPAT PEL MARROC a c\u00e0rrec de Mah &hellip; <a href=\"https:\/\/bisbalpenedes.com\/web\/2016\/10\/25\/situacio-actual-del-poble-sahraui\/\" class=\"more-link\">Read More<\/a><\/p>\n","protected":false},"author":1,"featured_media":1835,"comment_status":"closed","ping_status":"closed","sticky":false,"template":"","format":"standard","meta":[],"categories":[13],"tags":[],"_links":{"self":[{"href":"https:\/\/bisbalpenedes.com\/web\/wp-json\/wp\/v2\/posts\/1834"}],"collection":[{"href":"https:\/\/bisbalpenedes.com\/web\/wp-json\/wp\/v2\/posts"}],"about":[{"href":"https:\/\/bisbalpenedes.com\/web\/wp-json\/wp\/v2\/types\/post"}],"author":[{"embeddable":true,"href":"https:\/\/bisbalpenedes.com\/web\/wp-json\/wp\/v2\/users\/1"}],"replies":[{"embeddable":true,"href":"https:\/\/bisbalpenedes.com\/web\/wp-json\/wp\/v2\/comments?post=1834"}],"version-history":[{"count":2,"href":"https:\/\/bisbalpenedes.com\/web\/wp-json\/wp\/v2\/posts\/1834\/revisions"}],"predecessor-version":[{"id":1837,"href":"https:\/\/bisbalpenedes.com\/web\/wp-json\/wp\/v2\/posts\/1834\/revisions\/1837"}],"wp:featuredmedia":[{"embeddable":true,"href":"https:\/\/bisbalpenedes.com\/web\/wp-json\/wp\/v2\/media\/1835"}],"wp:attachment":[{"href":"https:\/\/bisbalpenedes.com\/web\/wp-json\/wp\/v2\/media?parent=1834"}],"wp:term":[{"taxonomy":"category","embeddable":true,"href":"https:\/\/bisbalpenedes.com\/web\/wp-json\/wp\/v2\/categories?post=1834"},{"taxonomy":"post_tag","embeddable":true,"href":"https:\/\/bisbalpenedes.com\/web\/wp-json\/wp\/v2\/tags?post=1834"}],"curies":[{"name":"wp","href":"https:\/\/api.w.org\/{rel}","templated":true}]}}