{"id":18337,"date":"2021-06-29T13:16:14","date_gmt":"2021-06-29T11:16:14","guid":{"rendered":"https:\/\/bisbalpenedes.com\/web\/?p=18337"},"modified":"2021-06-29T13:16:14","modified_gmt":"2021-06-29T11:16:14","slug":"el-dissabte-10-de-juliol-a-les-19h-tindra-lloc-una-xerrada-sobre-el-cancer-de-mama-al-cmc-organitzada-des-de-lassociacio-de-dones-la-roca-foradada","status":"publish","type":"post","link":"https:\/\/bisbalpenedes.com\/web\/2021\/06\/29\/el-dissabte-10-de-juliol-a-les-19h-tindra-lloc-una-xerrada-sobre-el-cancer-de-mama-al-cmc-organitzada-des-de-lassociacio-de-dones-la-roca-foradada\/","title":{"rendered":"El dissabte 10 de juliol a les 19h tindr\u00e0 lloc una xerrada sobre el c\u00e0ncer de mama al CMC organitzada des de l&#8217;Associaci\u00f3 de dones La Roca Foradada"},"content":{"rendered":"\n<p>L&#8217;<a href=\"https:\/\/www.facebook.com\/RocaForadada\/?__cft__[0]=AZVix-Fx0OnbTtbitncu8t2ekBlpYG5fECNq6ZMyXsU9MsyoBzblDbDoaNVYA3XDnN-i1AnbL5X_smNYIKK14ox8V22De5SpBuGpBP6hgzYxp1WKgGKRNM5HY01ytjInQXxbAOSycoJTii1uVEB8RKBiBOvAgdmD5EE_QLj6vAN0Pg&amp;__tn__=kK-R\">Associaci\u00f3 de dones La Roca Foradada<\/a> ha organitzat la xerrada &#8220;Arrela&#8217;t. Examina&#8217;t a temps&#8221; sobre el c\u00e0ncer de mama. Tindr\u00e0 lloc el dissabte 10 de juliol, a les 19h, i anir\u00e0 a c\u00e0rrec de Josep Costa i Neus Guirro. Cal reservar pla\u00e7a. M\u00e9s informaci\u00f3 al cartell adjunt.<\/p>\n\n\n\n<hr class=\"wp-block-separator\"\/>\n\n\n\n<p>La Associaci\u00f3 de dones La Roca Foradada ha organizado la charla &#8220;Arrela&#8217;t. Examina&#8217;t a temps&#8221; sobre el c\u00e1ncer de mama. Tendr\u00e1 lugar el s\u00e1bado 10 de julio, a las 19h, e ir\u00e1 a cargo de Josep Costa y Neus Guirro. Hay que reservar plaza. M\u00e1s informaci\u00f3n en el cartel adjunto.<\/p>\n","protected":false},"excerpt":{"rendered":"<p>L&#8217;Associaci\u00f3 de dones La Roca Foradada ha organitzat la xerrada &#8220;Arrela&#8217;t. Examina&#8217;t a temps&#8221; sobre el c\u00e0ncer de mama. Tindr\u00e0 lloc el dissabte 10 de juliol, a les 19h, i &hellip; <a href=\"https:\/\/bisbalpenedes.com\/web\/2021\/06\/29\/el-dissabte-10-de-juliol-a-les-19h-tindra-lloc-una-xerrada-sobre-el-cancer-de-mama-al-cmc-organitzada-des-de-lassociacio-de-dones-la-roca-foradada\/\" class=\"more-link\">Read More<\/a><\/p>\n","protected":false},"author":4,"featured_media":18338,"comment_status":"closed","ping_status":"closed","sticky":false,"template":"","format":"standard","meta":[],"categories":[2942,20,8],"tags":[1624,2651,842,351,393,45],"_links":{"self":[{"href":"https:\/\/bisbalpenedes.com\/web\/wp-json\/wp\/v2\/posts\/18337"}],"collection":[{"href":"https:\/\/bisbalpenedes.com\/web\/wp-json\/wp\/v2\/posts"}],"about":[{"href":"https:\/\/bisbalpenedes.com\/web\/wp-json\/wp\/v2\/types\/post"}],"author":[{"embeddable":true,"href":"https:\/\/bisbalpenedes.com\/web\/wp-json\/wp\/v2\/users\/4"}],"replies":[{"embeddable":true,"href":"https:\/\/bisbalpenedes.com\/web\/wp-json\/wp\/v2\/comments?post=18337"}],"version-history":[{"count":1,"href":"https:\/\/bisbalpenedes.com\/web\/wp-json\/wp\/v2\/posts\/18337\/revisions"}],"predecessor-version":[{"id":18339,"href":"https:\/\/bisbalpenedes.com\/web\/wp-json\/wp\/v2\/posts\/18337\/revisions\/18339"}],"wp:featuredmedia":[{"embeddable":true,"href":"https:\/\/bisbalpenedes.com\/web\/wp-json\/wp\/v2\/media\/18338"}],"wp:attachment":[{"href":"https:\/\/bisbalpenedes.com\/web\/wp-json\/wp\/v2\/media?parent=18337"}],"wp:term":[{"taxonomy":"category","embeddable":true,"href":"https:\/\/bisbalpenedes.com\/web\/wp-json\/wp\/v2\/categories?post=18337"},{"taxonomy":"post_tag","embeddable":true,"href":"https:\/\/bisbalpenedes.com\/web\/wp-json\/wp\/v2\/tags?post=18337"}],"curies":[{"name":"wp","href":"https:\/\/api.w.org\/{rel}","templated":true}]}}