{"id":18334,"date":"2021-06-29T13:06:00","date_gmt":"2021-06-29T11:06:00","guid":{"rendered":"https:\/\/bisbalpenedes.com\/web\/?p=18334"},"modified":"2021-06-29T13:06:00","modified_gmt":"2021-06-29T11:06:00","slug":"lalcaldessa-agnes-ferre-ha-participat-aquest-dilluns-en-el-debat-municipalista-organitzat-per-lacm","status":"publish","type":"post","link":"https:\/\/bisbalpenedes.com\/web\/2021\/06\/29\/lalcaldessa-agnes-ferre-ha-participat-aquest-dilluns-en-el-debat-municipalista-organitzat-per-lacm\/","title":{"rendered":"L\u2019alcaldessa Agn\u00e8s Ferr\u00e9 ha participat aquest dilluns en el debat municipalista organitzat per l\u2019ACM"},"content":{"rendered":"\n<p>L\u2019alcaldessa de la Bisbal del Pened\u00e8s, Agn\u00e8s Ferr\u00e9, ha participat en el debat municipalista sobre el teletreball als ens locals que s\u2019ha dut a terme aquest dilluns 28 de juny sota l\u2019organitzaci\u00f3 de l\u2019Associaci\u00f3 Catalana de Municipis (ACM). Podeu recuperar el debat, aqu\u00ed: <a href=\"https:\/\/youtu.be\/74qZuCGj1MI\">https:\/\/youtu.be\/74qZuCGj1MI<\/a><\/p>\n\n\n\n<p>S\u2019hi han tractat q\u00fcestions com la forma en qu\u00e8 ha afectat la pand\u00e8mia en la forma de treballar de les administracions i com s\u2019ha implantat el teletreball per poder garantir el funcionament dels ens p\u00fablics. Sobre la seva participaci\u00f3 en el debat, l\u2019alcaldessa bisbalenca ha explicat que \u201cfa m\u00e9s de 5 anys que a l\u2019Ajuntament treballem amb gestor electr\u00f2nic de documents: expedients electr\u00f2nics, firma digital&#8230; i aix\u00f2 ha perm\u00e8s que durant la pand\u00e8mia els treballadors municipals d\u2019oficines hagin pogut treballar des de casa sense aturar la gesti\u00f3 di\u00e0ria de l\u2019Ajuntament\u201d.<\/p>\n\n\n\n<hr class=\"wp-block-separator is-style-wide\"\/>\n\n\n\n<p><strong>CASTELLANO  |<\/strong> La alcaldesa de la Bisbal del Pened\u00e8s, Agn\u00e8s Ferr\u00e9, ha participado en el debate municipalista sobre el teletrabajo en los entes locales que se ha llevado a cabo este lunes 28 de junio bajo la organizaci\u00f3n de la Associaci\u00f3 Catalana de Municipis (ACM). Pod\u00e9is recuperar el debate, aqu\u00ed: <a href=\"https:\/\/youtu.be\/74qZuCGj1MI\">https:\/\/youtu.be\/74qZuCGj1MI<\/a><\/p>\n\n\n\n<p>En dicho debate se han tratado temas como la forma en la que ha afectado la pandemia en la forma de trabajar de las administraciones y c\u00f3mo se ha implantado el teletrabajo para poder garantizar el funcionamiento de los entes p\u00fablicos. Sobre su participaci\u00f3n en el debate, la alcaldesa de la Bisbal ha explicado que \u201chace m\u00e1s de 5 a\u00f1os que en el Ayuntamiento trabajamos con gestor electr\u00f3nico de documentos: expedientes electr\u00f3nicos, firma digital&#8230; i esto ha permitido que durante la pandemia los trabajadores municipales de oficinas hayan podido trabajar desde casa sin parar la gesti\u00f3n diaria del Ayuntamiento\u201d.<\/p>\n","protected":false},"excerpt":{"rendered":"<p>L\u2019alcaldessa de la Bisbal del Pened\u00e8s, Agn\u00e8s Ferr\u00e9, ha participat en el debat municipalista sobre el teletreball als ens locals que s\u2019ha dut a terme aquest dilluns 28 de juny &hellip; <a href=\"https:\/\/bisbalpenedes.com\/web\/2021\/06\/29\/lalcaldessa-agnes-ferre-ha-participat-aquest-dilluns-en-el-debat-municipalista-organitzat-per-lacm\/\" class=\"more-link\">Read More<\/a><\/p>\n","protected":false},"author":4,"featured_media":18335,"comment_status":"closed","ping_status":"closed","sticky":false,"template":"","format":"standard","meta":[],"categories":[2057,8],"tags":[874,1151,216,1252,876,4628,393,3647],"_links":{"self":[{"href":"https:\/\/bisbalpenedes.com\/web\/wp-json\/wp\/v2\/posts\/18334"}],"collection":[{"href":"https:\/\/bisbalpenedes.com\/web\/wp-json\/wp\/v2\/posts"}],"about":[{"href":"https:\/\/bisbalpenedes.com\/web\/wp-json\/wp\/v2\/types\/post"}],"author":[{"embeddable":true,"href":"https:\/\/bisbalpenedes.com\/web\/wp-json\/wp\/v2\/users\/4"}],"replies":[{"embeddable":true,"href":"https:\/\/bisbalpenedes.com\/web\/wp-json\/wp\/v2\/comments?post=18334"}],"version-history":[{"count":1,"href":"https:\/\/bisbalpenedes.com\/web\/wp-json\/wp\/v2\/posts\/18334\/revisions"}],"predecessor-version":[{"id":18336,"href":"https:\/\/bisbalpenedes.com\/web\/wp-json\/wp\/v2\/posts\/18334\/revisions\/18336"}],"wp:featuredmedia":[{"embeddable":true,"href":"https:\/\/bisbalpenedes.com\/web\/wp-json\/wp\/v2\/media\/18335"}],"wp:attachment":[{"href":"https:\/\/bisbalpenedes.com\/web\/wp-json\/wp\/v2\/media?parent=18334"}],"wp:term":[{"taxonomy":"category","embeddable":true,"href":"https:\/\/bisbalpenedes.com\/web\/wp-json\/wp\/v2\/categories?post=18334"},{"taxonomy":"post_tag","embeddable":true,"href":"https:\/\/bisbalpenedes.com\/web\/wp-json\/wp\/v2\/tags?post=18334"}],"curies":[{"name":"wp","href":"https:\/\/api.w.org\/{rel}","templated":true}]}}