{"id":18327,"date":"2021-06-29T12:55:29","date_gmt":"2021-06-29T10:55:29","guid":{"rendered":"https:\/\/bisbalpenedes.com\/web\/?p=18327"},"modified":"2021-06-29T12:55:29","modified_gmt":"2021-06-29T10:55:29","slug":"punt-de-lordre-del-dia-de-la-junta-de-govern-local-del-28-06-21-amb-competencies-delegades-del-ple","status":"publish","type":"post","link":"https:\/\/bisbalpenedes.com\/web\/2021\/06\/29\/punt-de-lordre-del-dia-de-la-junta-de-govern-local-del-28-06-21-amb-competencies-delegades-del-ple\/","title":{"rendered":"Punt de l\u2019Ordre del dia de la Junta de Govern local del 28\/06\/21 amb compet\u00e8ncies delegades del Ple"},"content":{"rendered":"\n<p>La Junta de Govern del dilluns 28 de juny de 2021 inclo\u00efa \u2013i va aprovar- aquest punt amb Compet\u00e8ncies delegades del Ple:<\/p>\n\n\n\n<blockquote class=\"wp-block-quote\"><p>\u201cExpedient 1220\/2021: Defensa jur\u00eddica en el recurs contenci\u00f3s \u2013 administratiu n\u00fam. 405\/2020-E del Jutjat contenci\u00f3s-administratiu n\u00fam. 1 de Tarragona interposat per un ve\u00ed de la Miralba. I per assessorament en el recurs de reposici\u00f3 interposat pels grups de l\u2019ajuntament PSC, ERC i UNITS\u201d.<\/p><\/blockquote>\n\n\n\n<p>El contracte aprovat \u00e9s per un import de 1.427,80\u20ac amb l\u2019advocat Josep Ma. Nolla. Aquest contracte es fa dins l\u2019adhesi\u00f3 de l\u2019Ajuntament de la Bisbal del Pened\u00e8s en l\u2019acord marc per als serveis d\u2019assessorament legal i defensa jur\u00eddica del sistema comarcal de contractaci\u00f3 centralitzada del Consell Comarcal del Baix Pened\u00e8s, del 7 de maig de 2020.<\/p>\n\n\n\n<p>Les sessions de la Junta de Govern Local no s\u00f3n p\u00fabliques, per\u00f2 quan s\u2019actua amb compet\u00e8ncies delegades del Ple, la sessi\u00f3 se sotmet als mateixos requisits de publicitat que les sessions del Ple, que s\u00ed que s\u00f3n p\u00fabliques. Aix\u00ed ho va declarar la STS 161\/2013, de 26 de setembre. Tenint en compte les mesures preses per evitar la propagaci\u00f3 de la COVID-19, aquest punt de l\u2019ordre del dia de la Junta de Govern Local no s\u2019ha votat amb p\u00fablic, sin\u00f3 que s\u2019ha gravat en v\u00eddeo i ara el publiquem per poder garantir aix\u00ed la seva publicitat. Per tot plegat, els regidors i regidores de l\u2019oposici\u00f3 \u2013que no formen part de la Junta de Govern local- van rebre la informaci\u00f3 sobre la proposta a la seva b\u00fastia de correu electr\u00f2nic.<\/p>\n\n\n\n<figure class=\"wp-block-embed is-type-video is-provider-youtube wp-block-embed-youtube wp-embed-aspect-16-9 wp-has-aspect-ratio\"><div class=\"wp-block-embed__wrapper\">\n<iframe loading=\"lazy\" title=\"Punt de l\u2019Ordre del dia de la Junta de Govern local del 28\/06\/21 amb compet\u00e8ncies delegades del Ple\" width=\"1170\" height=\"658\" src=\"https:\/\/www.youtube.com\/embed\/TxUSdgEHGQI?feature=oembed\" frameborder=\"0\" allow=\"accelerometer; autoplay; clipboard-write; encrypted-media; gyroscope; picture-in-picture\" allowfullscreen><\/iframe>\n<\/div><\/figure>\n\n\n\n<hr class=\"wp-block-separator is-style-wide\"\/>\n\n\n\n<p><strong>CASTELLANO | <\/strong>La Junta de Gobierno del lunes 28 de junio de 2021 inclu\u00eda \u2013 y aprob\u00f3- este punto con Competencias delegadas del Pleno:<\/p>\n\n\n\n<blockquote class=\"wp-block-quote\"><p>\u201cExpediente 1220\/2021: Defensa jur\u00eddica en el recurso contencioso \u2013 administrativo n\u00fam. 405\/2020-E del Juzgado contencioso-administrativo n\u00fam. 1 de Tarragona interpuesto por un vecino de La Miralba. Y para el asesoramiento en el recurso de reposici\u00f3n interpuesto por los grupos del Ayuntamiento PSC, ERC y UNITS\u201d.<\/p><\/blockquote>\n\n\n\n<p>El contrato aprobado es por un importe de 1.427,80\u20ac con el abogado Josep Ma. Nolla. Este contrato se hace dentro de la adhesi\u00f3n del Ayuntamiento de la Bisbal del Pened\u00e8s en el acuerdo marco para los servicios de asesoramiento legal y defensa jur\u00eddica del sistema comarcal de contrataci\u00f3n centralizada del Consell Comarcal del Baix Pened\u00e8s, del 7 de mayo de 2020.<\/p>\n\n\n\n<p>Las sesiones de la Junta de Gobierno Local no son p\u00fablicas, pero cuando se act\u00faa con competencias delegadas del Pleno, la sesi\u00f3n se somete a los mismos requisitos de publicidad que las sesiones del Pleno, que s\u00ed que son p\u00fablicas. As\u00ed lo declar\u00f3 la STS 161\/2013, de 26 de septiembre. Teniendo en cuenta las medidas tomadas para evitar la propagaci\u00f3n de la COVID-19, este punto del orden del d\u00eda de la Junta de Gobierno Local no se ha votado con p\u00fablico, sino que se ha grabado en v\u00eddeo y ahora lo publicamos para poder garantizar as\u00ed su publicidad. Por todo ello, los concejales y concejalas de la oposici\u00f3n -que no forman parte de la Junta de Gobierno local- recibieron la informaci\u00f3n sobre la propuesta en su buz\u00f3n de correo electr\u00f3nico.<\/p>\n","protected":false},"excerpt":{"rendered":"<p>La Junta de Govern del dilluns 28 de juny de 2021 inclo\u00efa \u2013i va aprovar- aquest punt amb Compet\u00e8ncies delegades del Ple: \u201cExpedient 1220\/2021: Defensa jur\u00eddica en el recurs contenci\u00f3s &hellip; <a href=\"https:\/\/bisbalpenedes.com\/web\/2021\/06\/29\/punt-de-lordre-del-dia-de-la-junta-de-govern-local-del-28-06-21-amb-competencies-delegades-del-ple\/\" class=\"more-link\">Read More<\/a><\/p>\n","protected":false},"author":4,"featured_media":18328,"comment_status":"closed","ping_status":"closed","sticky":false,"template":"","format":"standard","meta":[],"categories":[3085,8],"tags":[4175,974,3280,686,777],"_links":{"self":[{"href":"https:\/\/bisbalpenedes.com\/web\/wp-json\/wp\/v2\/posts\/18327"}],"collection":[{"href":"https:\/\/bisbalpenedes.com\/web\/wp-json\/wp\/v2\/posts"}],"about":[{"href":"https:\/\/bisbalpenedes.com\/web\/wp-json\/wp\/v2\/types\/post"}],"author":[{"embeddable":true,"href":"https:\/\/bisbalpenedes.com\/web\/wp-json\/wp\/v2\/users\/4"}],"replies":[{"embeddable":true,"href":"https:\/\/bisbalpenedes.com\/web\/wp-json\/wp\/v2\/comments?post=18327"}],"version-history":[{"count":2,"href":"https:\/\/bisbalpenedes.com\/web\/wp-json\/wp\/v2\/posts\/18327\/revisions"}],"predecessor-version":[{"id":18330,"href":"https:\/\/bisbalpenedes.com\/web\/wp-json\/wp\/v2\/posts\/18327\/revisions\/18330"}],"wp:featuredmedia":[{"embeddable":true,"href":"https:\/\/bisbalpenedes.com\/web\/wp-json\/wp\/v2\/media\/18328"}],"wp:attachment":[{"href":"https:\/\/bisbalpenedes.com\/web\/wp-json\/wp\/v2\/media?parent=18327"}],"wp:term":[{"taxonomy":"category","embeddable":true,"href":"https:\/\/bisbalpenedes.com\/web\/wp-json\/wp\/v2\/categories?post=18327"},{"taxonomy":"post_tag","embeddable":true,"href":"https:\/\/bisbalpenedes.com\/web\/wp-json\/wp\/v2\/tags?post=18327"}],"curies":[{"name":"wp","href":"https:\/\/api.w.org\/{rel}","templated":true}]}}