{"id":18310,"date":"2021-06-28T12:57:57","date_gmt":"2021-06-28T10:57:57","guid":{"rendered":"https:\/\/bisbalpenedes.com\/web\/?p=18310"},"modified":"2021-06-28T12:58:25","modified_gmt":"2021-06-28T10:58:25","slug":"lajuntament-de-la-bisbal-se-suma-a-la-commemoracio-del-dia-internacional-de-lorgul-lgtbi","status":"publish","type":"post","link":"https:\/\/bisbalpenedes.com\/web\/2021\/06\/28\/lajuntament-de-la-bisbal-se-suma-a-la-commemoracio-del-dia-internacional-de-lorgul-lgtbi\/","title":{"rendered":"L&#8217;Ajuntament de la Bisbal se suma a la commemoraci\u00f3 del Dia Internacional de l&#8217;Orgull LGTBI+"},"content":{"rendered":"\n<p>Amb motiu del Dia Internacional de l&#8217;Orgull LGTBI+, l&#8217;Ajuntament de la Bisbal del Pened\u00e8s ha pintat amb els colors de la bandera LGTBI un banc situat al davant del local social de La Miralba. Aquesta acci\u00f3 s&#8217;ha dut a terme amb l&#8217;objectiu de visibilitzar el col\u00b7lectiu LGTBI+, promoure la igualtat i reivindicar els drets de les persones LGTBI+ i la no discriminaci\u00f3 per raons d&#8217;orientaci\u00f3 sexual o de g\u00e8nere.Si ets v\u00edctima o testimoni d\u2019LGTBIf\u00f2bia pots denunciar els fets a gen.cat\/denuncieslgtbi<br>Avui dilluns 28 de juny, l\u2019Ajuntament llueix la bandera irisada i, al vespre, s\u2019il\u00b7luminar\u00e0 de groc per commemorar aquesta jornada.<\/p>\n\n\n\n<hr class=\"wp-block-separator is-style-wide\"\/>\n\n\n\n<p>Con motivo del D\u00eda Internacional del Orgullo LGTBI+, El Ayuntamiento de la Bisbal del Pened\u00e8s ha pintado con los colores de la bandera LGTBI un banco situado enfrente del local social de La Miralba. Esta acci\u00f3n se ha llevado a cabo con el objetivo de visibilizar el colectivo LGTBI+, promover la igualdad y reivindicar los derechos de las personas LGTBI+ y la no discriminaci\u00f3n por razones de orientaci\u00f3n sexual o de g\u00e9nero.Si eres v\u00edctima o testigo de LGTBIfobia puedes denunciar los hechos en gen.cat\/denuncieslgtib<br>Hoy lunes 28 de junio, el Ayuntamiento luce la bandera irisada y, al anochecer, se iluminar\u00e1 de amarillo para conmemorar esta jornada.<\/p>\n\n\n\n<figure class=\"wp-block-image size-large\"><img loading=\"lazy\" width=\"1024\" height=\"768\" src=\"https:\/\/bisbalpenedes.com\/web\/wp-content\/uploads\/2021\/06\/fb75d9e4-8ca5-44b5-a7cc-6a51fa61f48d-1024x768.jpg\" alt=\"\" class=\"wp-image-18312\" srcset=\"https:\/\/bisbalpenedes.com\/web\/wp-content\/uploads\/2021\/06\/fb75d9e4-8ca5-44b5-a7cc-6a51fa61f48d-1024x768.jpg 1024w, https:\/\/bisbalpenedes.com\/web\/wp-content\/uploads\/2021\/06\/fb75d9e4-8ca5-44b5-a7cc-6a51fa61f48d-600x450.jpg 600w, https:\/\/bisbalpenedes.com\/web\/wp-content\/uploads\/2021\/06\/fb75d9e4-8ca5-44b5-a7cc-6a51fa61f48d-300x225.jpg 300w, https:\/\/bisbalpenedes.com\/web\/wp-content\/uploads\/2021\/06\/fb75d9e4-8ca5-44b5-a7cc-6a51fa61f48d-768x576.jpg 768w, https:\/\/bisbalpenedes.com\/web\/wp-content\/uploads\/2021\/06\/fb75d9e4-8ca5-44b5-a7cc-6a51fa61f48d-1536x1152.jpg 1536w, https:\/\/bisbalpenedes.com\/web\/wp-content\/uploads\/2021\/06\/fb75d9e4-8ca5-44b5-a7cc-6a51fa61f48d.jpg 1600w\" sizes=\"(max-width: 1024px) 100vw, 1024px\" \/><\/figure>\n","protected":false},"excerpt":{"rendered":"<p>Amb motiu del Dia Internacional de l&#8217;Orgull LGTBI+, l&#8217;Ajuntament de la Bisbal del Pened\u00e8s ha pintat amb els colors de la bandera LGTBI un banc situat al davant del local &hellip; <a href=\"https:\/\/bisbalpenedes.com\/web\/2021\/06\/28\/lajuntament-de-la-bisbal-se-suma-a-la-commemoracio-del-dia-internacional-de-lorgul-lgtbi\/\" class=\"more-link\">Read More<\/a><\/p>\n","protected":false},"author":4,"featured_media":18311,"comment_status":"closed","ping_status":"closed","sticky":false,"template":"","format":"standard","meta":[],"categories":[975,8],"tags":[4626,4625,393,3817,4624],"_links":{"self":[{"href":"https:\/\/bisbalpenedes.com\/web\/wp-json\/wp\/v2\/posts\/18310"}],"collection":[{"href":"https:\/\/bisbalpenedes.com\/web\/wp-json\/wp\/v2\/posts"}],"about":[{"href":"https:\/\/bisbalpenedes.com\/web\/wp-json\/wp\/v2\/types\/post"}],"author":[{"embeddable":true,"href":"https:\/\/bisbalpenedes.com\/web\/wp-json\/wp\/v2\/users\/4"}],"replies":[{"embeddable":true,"href":"https:\/\/bisbalpenedes.com\/web\/wp-json\/wp\/v2\/comments?post=18310"}],"version-history":[{"count":3,"href":"https:\/\/bisbalpenedes.com\/web\/wp-json\/wp\/v2\/posts\/18310\/revisions"}],"predecessor-version":[{"id":18315,"href":"https:\/\/bisbalpenedes.com\/web\/wp-json\/wp\/v2\/posts\/18310\/revisions\/18315"}],"wp:featuredmedia":[{"embeddable":true,"href":"https:\/\/bisbalpenedes.com\/web\/wp-json\/wp\/v2\/media\/18311"}],"wp:attachment":[{"href":"https:\/\/bisbalpenedes.com\/web\/wp-json\/wp\/v2\/media?parent=18310"}],"wp:term":[{"taxonomy":"category","embeddable":true,"href":"https:\/\/bisbalpenedes.com\/web\/wp-json\/wp\/v2\/categories?post=18310"},{"taxonomy":"post_tag","embeddable":true,"href":"https:\/\/bisbalpenedes.com\/web\/wp-json\/wp\/v2\/tags?post=18310"}],"curies":[{"name":"wp","href":"https:\/\/api.w.org\/{rel}","templated":true}]}}