{"id":18308,"date":"2021-06-28T12:44:47","date_gmt":"2021-06-28T10:44:47","guid":{"rendered":"https:\/\/bisbalpenedes.com\/web\/?p=18308"},"modified":"2021-06-28T12:44:47","modified_gmt":"2021-06-28T10:44:47","slug":"el-festival-eva-torna-a-la-bisbal-hi-haura-actuacions-els-dies-15-22-i-25-de-juliol","status":"publish","type":"post","link":"https:\/\/bisbalpenedes.com\/web\/2021\/06\/28\/el-festival-eva-torna-a-la-bisbal-hi-haura-actuacions-els-dies-15-22-i-25-de-juliol\/","title":{"rendered":"El Festival EVA torna a la Bisbal: hi haur\u00e0 actuacions els dies 15, 22 i 25 de juliol"},"content":{"rendered":"\n<p>La Bisbal del Pened\u00e8s ser\u00e0, un any m\u00e9s, un dels escenaris del festival de narraci\u00f3 i tradici\u00f3 oral En Veu Alta (EVA) i ha programat tres actuacions per al mes de juliol:<\/p>\n\n\n\n<ul><li>El dijous 15 de juliol, a les 21:30h, a la Timba: D\u2019aquells boleros aquests contes, amb M\u00f2nica Torra i Txema Riera. P\u00falic adult.<\/li><\/ul>\n\n\n\n<ul><li>El dijous 22 de juliol, a les 21:30h, a la Pla\u00e7a de l\u2019Esgl\u00e9sia: Cuentos her\u00f3ticos, amb Pablo Albo. P\u00fablic adult.<\/li><\/ul>\n\n\n\n<ul><li>El diumenge 25 de juliol, a les 12:00h, al Centre Municipal de Cultura: All\u00e0 on viuen els monstres, amb Sherezade Bardaj\u00ed. P\u00fablic familiar.<\/li><\/ul>\n\n\n\n<p>L\u2019aforament ser\u00e0 limitat. Les entrades es poden reservar al 608 568 881 o al 684 416 843.<\/p>\n\n\n\n<hr class=\"wp-block-separator\"\/>\n\n\n\n<p><strong>CASTELLANO |<\/strong> La Bisbal del Pened\u00e8s ser\u00e1, un a\u00f1o m\u00e1s, uno de los escenarios del festival de narraci\u00f3n y tradici\u00f3n oral En Veu Alta (EVA) y ha programado tres actuaciones para el mes de julio:<\/p>\n\n\n\n<ul><li>El jueves 15 de julio, a las 21:30h, en la Timba: D\u2019aquells boleros aquells contes, con M\u00f2nica Torra y Txema Riera. P\u00fablico adulto.<\/li><\/ul>\n\n\n\n<ul><li>El jueves 22 de julio, a las 21:30h, en la Pla\u00e7a de l\u2019Esgl\u00e9sia: Cuentos her\u00f3ticos, con Pablo Albo. P\u00fablico adulto.<\/li><\/ul>\n\n\n\n<ul><li>El domingo 25 de julio, a las 12:00h, en el Centre Municipal de Cultura: All\u00e0 on viuen els monstres, con Sherezade Bardaj\u00ed. P\u00fablico familiar.<\/li><\/ul>\n\n\n\n<p>El aforo ser\u00e1 limitado. Las entradas se pueden reservar en el 608 568 881 o en el 684 416 843.<\/p>\n","protected":false},"excerpt":{"rendered":"<p>La Bisbal del Pened\u00e8s ser\u00e0, un any m\u00e9s, un dels escenaris del festival de narraci\u00f3 i tradici\u00f3 oral En Veu Alta (EVA) i ha programat tres actuacions per al mes &hellip; <a href=\"https:\/\/bisbalpenedes.com\/web\/2021\/06\/28\/el-festival-eva-torna-a-la-bisbal-hi-haura-actuacions-els-dies-15-22-i-25-de-juliol\/\" class=\"more-link\">Read More<\/a><\/p>\n","protected":false},"author":4,"featured_media":18106,"comment_status":"closed","ping_status":"closed","sticky":false,"template":"","format":"standard","meta":[],"categories":[2942,13,8],"tags":[1745,459,302,225,3030,1807,393,4622,4562,4563,4623],"_links":{"self":[{"href":"https:\/\/bisbalpenedes.com\/web\/wp-json\/wp\/v2\/posts\/18308"}],"collection":[{"href":"https:\/\/bisbalpenedes.com\/web\/wp-json\/wp\/v2\/posts"}],"about":[{"href":"https:\/\/bisbalpenedes.com\/web\/wp-json\/wp\/v2\/types\/post"}],"author":[{"embeddable":true,"href":"https:\/\/bisbalpenedes.com\/web\/wp-json\/wp\/v2\/users\/4"}],"replies":[{"embeddable":true,"href":"https:\/\/bisbalpenedes.com\/web\/wp-json\/wp\/v2\/comments?post=18308"}],"version-history":[{"count":1,"href":"https:\/\/bisbalpenedes.com\/web\/wp-json\/wp\/v2\/posts\/18308\/revisions"}],"predecessor-version":[{"id":18309,"href":"https:\/\/bisbalpenedes.com\/web\/wp-json\/wp\/v2\/posts\/18308\/revisions\/18309"}],"wp:featuredmedia":[{"embeddable":true,"href":"https:\/\/bisbalpenedes.com\/web\/wp-json\/wp\/v2\/media\/18106"}],"wp:attachment":[{"href":"https:\/\/bisbalpenedes.com\/web\/wp-json\/wp\/v2\/media?parent=18308"}],"wp:term":[{"taxonomy":"category","embeddable":true,"href":"https:\/\/bisbalpenedes.com\/web\/wp-json\/wp\/v2\/categories?post=18308"},{"taxonomy":"post_tag","embeddable":true,"href":"https:\/\/bisbalpenedes.com\/web\/wp-json\/wp\/v2\/tags?post=18308"}],"curies":[{"name":"wp","href":"https:\/\/api.w.org\/{rel}","templated":true}]}}