{"id":18302,"date":"2021-06-26T06:48:33","date_gmt":"2021-06-26T04:48:33","guid":{"rendered":"https:\/\/bisbalpenedes.com\/web\/?p=18302"},"modified":"2021-06-26T06:48:33","modified_gmt":"2021-06-26T04:48:33","slug":"lobligatorietat-de-lus-de-la-mascareta-en-exteriors-es-flexibilitza-a-partir-davui-dissabte-26-de-juny","status":"publish","type":"post","link":"https:\/\/bisbalpenedes.com\/web\/2021\/06\/26\/lobligatorietat-de-lus-de-la-mascareta-en-exteriors-es-flexibilitza-a-partir-davui-dissabte-26-de-juny\/","title":{"rendered":"L\u2019obligatorietat de l&#8217;\u00fas de la mascareta en exteriors es flexibilitza a partir d&#8217;avui dissabte 26 de juny"},"content":{"rendered":"\n<p>L\u2019obligatorietat de l&#8217;\u00fas de la mascareta en exteriors es flexibilitza a partir d&#8217;avui dissabte 26 de juny.<\/p>\n\n\n\n<p>Hi ha espais p\u00fablics on encara ser\u00e0 obligat\u00f2ria.<\/p>\n\n\n\n<p>M\u00e9s informaci\u00f3 a:&nbsp;<a href=\"http:\/\/ow.ly\/7BTW30rLSm3\" target=\"_blank\" rel=\"noreferrer noopener\">ow.ly\/7BTW30rLSm3<\/a><\/p>\n\n\n\n<hr class=\"wp-block-separator\"\/>\n\n\n\n<p>La obligatoriedad del uso de la mascarilla en exteriores se flexibiliza a partir de hoy s\u00e1bado 26 de junio.&nbsp;<\/p>\n\n\n\n<p>Hay espacios p\u00fablicos en los que todav\u00eda ser\u00e1 obligatoria.<\/p>\n\n\n\n<p>M\u00e1s informaci\u00f3n en:\u00a0<a rel=\"noreferrer noopener\" href=\"http:\/\/ow.ly\/7BTW30rLSm3\" target=\"_blank\">ow.ly\/7BTW30rLSm3<\/a><\/p>\n\n\n\n<figure class=\"wp-block-image size-large\"><img loading=\"lazy\" width=\"1024\" height=\"576\" src=\"https:\/\/bisbalpenedes.com\/web\/wp-content\/uploads\/2021\/06\/FB75ABC7-671C-4E59-B42F-1A4FBB5D6BE1-1024x576.jpeg\" alt=\"\" class=\"wp-image-18304\" srcset=\"https:\/\/bisbalpenedes.com\/web\/wp-content\/uploads\/2021\/06\/FB75ABC7-671C-4E59-B42F-1A4FBB5D6BE1-1024x576.jpeg 1024w, https:\/\/bisbalpenedes.com\/web\/wp-content\/uploads\/2021\/06\/FB75ABC7-671C-4E59-B42F-1A4FBB5D6BE1-scaled-600x338.jpeg 600w, https:\/\/bisbalpenedes.com\/web\/wp-content\/uploads\/2021\/06\/FB75ABC7-671C-4E59-B42F-1A4FBB5D6BE1-300x169.jpeg 300w, https:\/\/bisbalpenedes.com\/web\/wp-content\/uploads\/2021\/06\/FB75ABC7-671C-4E59-B42F-1A4FBB5D6BE1-768x432.jpeg 768w, https:\/\/bisbalpenedes.com\/web\/wp-content\/uploads\/2021\/06\/FB75ABC7-671C-4E59-B42F-1A4FBB5D6BE1-1536x864.jpeg 1536w, https:\/\/bisbalpenedes.com\/web\/wp-content\/uploads\/2021\/06\/FB75ABC7-671C-4E59-B42F-1A4FBB5D6BE1-2048x1152.jpeg 2048w\" sizes=\"(max-width: 1024px) 100vw, 1024px\" \/><\/figure>\n","protected":false},"excerpt":{"rendered":"<p>L\u2019obligatorietat de l&#8217;\u00fas de la mascareta en exteriors es flexibilitza a partir d&#8217;avui dissabte 26 de juny. Hi ha espais p\u00fablics on encara ser\u00e0 obligat\u00f2ria. M\u00e9s informaci\u00f3 a:&nbsp;ow.ly\/7BTW30rLSm3 La obligatoriedad &hellip; <a href=\"https:\/\/bisbalpenedes.com\/web\/2021\/06\/26\/lobligatorietat-de-lus-de-la-mascareta-en-exteriors-es-flexibilitza-a-partir-davui-dissabte-26-de-juny\/\" class=\"more-link\">Read More<\/a><\/p>\n","protected":false},"author":4,"featured_media":18303,"comment_status":"closed","ping_status":"closed","sticky":false,"template":"","format":"standard","meta":[],"categories":[3636,4095,8,14],"tags":[3550,3559,3724],"_links":{"self":[{"href":"https:\/\/bisbalpenedes.com\/web\/wp-json\/wp\/v2\/posts\/18302"}],"collection":[{"href":"https:\/\/bisbalpenedes.com\/web\/wp-json\/wp\/v2\/posts"}],"about":[{"href":"https:\/\/bisbalpenedes.com\/web\/wp-json\/wp\/v2\/types\/post"}],"author":[{"embeddable":true,"href":"https:\/\/bisbalpenedes.com\/web\/wp-json\/wp\/v2\/users\/4"}],"replies":[{"embeddable":true,"href":"https:\/\/bisbalpenedes.com\/web\/wp-json\/wp\/v2\/comments?post=18302"}],"version-history":[{"count":1,"href":"https:\/\/bisbalpenedes.com\/web\/wp-json\/wp\/v2\/posts\/18302\/revisions"}],"predecessor-version":[{"id":18305,"href":"https:\/\/bisbalpenedes.com\/web\/wp-json\/wp\/v2\/posts\/18302\/revisions\/18305"}],"wp:featuredmedia":[{"embeddable":true,"href":"https:\/\/bisbalpenedes.com\/web\/wp-json\/wp\/v2\/media\/18303"}],"wp:attachment":[{"href":"https:\/\/bisbalpenedes.com\/web\/wp-json\/wp\/v2\/media?parent=18302"}],"wp:term":[{"taxonomy":"category","embeddable":true,"href":"https:\/\/bisbalpenedes.com\/web\/wp-json\/wp\/v2\/categories?post=18302"},{"taxonomy":"post_tag","embeddable":true,"href":"https:\/\/bisbalpenedes.com\/web\/wp-json\/wp\/v2\/tags?post=18302"}],"curies":[{"name":"wp","href":"https:\/\/api.w.org\/{rel}","templated":true}]}}