{"id":18288,"date":"2021-06-25T14:16:08","date_gmt":"2021-06-25T12:16:08","guid":{"rendered":"https:\/\/bisbalpenedes.com\/web\/?p=18288"},"modified":"2021-06-25T14:19:59","modified_gmt":"2021-06-25T12:19:59","slug":"la-bisbal-del-penedes-se-suma-a-la-xarxa-dambaixadors-del-bon-tracte","status":"publish","type":"post","link":"https:\/\/bisbalpenedes.com\/web\/2021\/06\/25\/la-bisbal-del-penedes-se-suma-a-la-xarxa-dambaixadors-del-bon-tracte\/","title":{"rendered":"La Bisbal del Pened\u00e8s se suma a la xarxa d&#8217;Ambaixadors del Bon Tracte"},"content":{"rendered":"\n<p>Aquesta setmana s\u2019ha presentat la campanya \u201cAmbaixadors del Bon Tracte\u201d al Vendrell. Es tracta d\u2019una iniciativa impulsada per l\u2019Arc Serveis Assistencials, el servei d\u2019ajuda domicili\u00e0ria que treballa amb les persones grans, amb discapacitats i amb depend\u00e8ncia, al Baix Pened\u00e8s i al Tarragon\u00e8s. Aquesta iniciativa pret\u00e9n crear una xarxa per compartir recursos i experi\u00e8ncies entre professionals, entitats i ajuntaments d\u2019aquestes comarques, entre ells l\u2019Ajuntament de La Bisbal del Pened\u00e8s. La xarxa t\u00e9 com a objectiu canalitzar els recursos que ofereix cada municipi i ser un nexe d\u2019uni\u00f3 entre les associacions, ajuntaments i col\u00b7lectius professionals i la gent gran per tal de donar visibilitat als recursos i compartir-los amb la poblaci\u00f3. La gerent de L\u2019Arc Serveis i una de les \u2018ambaixadores\u2019 d\u2019aquesta nova xarxa, Jerusal\u00e9n Torra, ha explicat que \u201ces busquen ambaixadors del Bon Tracte que defensin els drets, les bones conductes, el benestar, que elaborin pol\u00edtiques de prevenci\u00f3 i actuaci\u00f3, que desenvolupin serveis d\u2019acci\u00f3 social i, en definitiva, de la salut en tots els seus \u00e0mbits\u201d.<\/p>\n\n\n\n<p>La regidora de Benestar Social i la Gent Gran de l\u2019Ajuntament de la Bisbal del Pened\u00e8s, Paqui Cepas, ha explicat que \u201cestem contents i agra\u00efts pel fet que ens hagin convidat a formar-ne part i, de fet, ens hem adherit a la iniciativa perqu\u00e8 des de la Bisbal treballem per la gent gran i intentem fer tot el que podem perqu\u00e8 tinguin oportunitats i oferta d\u2019activitats per al seu benestar. Encara que la pand\u00e8mia ens hagi obligat a frenar durant uns mesos, hi ha serveis com el Bon Dia que no s\u2019han aturat ni un moment gr\u00e0cies al gran voluntariat que tenim a la Bisbal, format per persones amb un gran cor i molta iniciativa\u201d.<\/p>\n\n\n\n<hr class=\"wp-block-separator is-style-wide\"\/>\n\n\n\n<p><strong>CASTELLANO |<\/strong> Esta semana se ha presentado la campa\u00f1a \u201cEmbajadores del Buen Trato\u201d en el Vendrell. Se trata de una iniciativa impulsada por l\u2019Arc Serveis Assistencials, el servicio de ayuda domiciliaria que trabaja con las personas mayores, con discapacidades y con dependencia, en el Baix Pened\u00e8s y el Tarragon\u00e8s. Esta iniciativa pretende crear una red para compartir recursos y experiencias entre profesionales, entidades y ayuntamientos de estas comarcas, entre ellos el Ayuntamiento de La Bisbal del Pened\u00e8s. La red tiene como objetivo canalizar los recursos que ofrece cada municipio y ser un nexo de uni\u00f3n entre las asociaciones, ayuntamientos y colectivos profesionales y la gente mayor con tal de dar visibilidad a los recursos y compartirlos con la poblaci\u00f3n. La gerente de L\u2019Arc Serveis y una de las \u2018embajadoras\u2019 de esta nueva red, Jerusal\u00e9n Torra, ha explicado que \u201cse buscan embajadores del Buen Trato que defiendan los derechos, las buenas conductas, el bienestar, que elaboren pol\u00edticas de prevenci\u00f3n y actuaci\u00f3n, que desarrollen servicios de atenci\u00f3n social y, en definitiva, de la salud en todos sus \u00e1mbitos\u201d.<\/p>\n\n\n\n<p>La concejala de Bienestar Social y Gente Mayor del Ayuntamiento de la Bisbal del Pened\u00e8s, Paqui Cepas, ha explicado que \u201cestamos contentos y agradecidos por el hecho de que nos hayan invitado a formar parte de esta iniciativa y, de hecho, nos hemos adherido a la iniciativa porque desde la Bisbal trabajamos por la gente mayor e intentamos hacer todo lo que podemos para que tengan oportunidades y oferta de actividades para su bienestar. Aunque la pandemia nos haya obligado a frenar durante unos meses, hay servicios como el Bon Dia que no han parado ni un momento gracias al gran voluntariado que tenemos en la Bisbal, formado por personas con un gran coraz\u00f3n y mucha iniciativa\u201d.<\/p>\n","protected":false},"excerpt":{"rendered":"<p>Aquesta setmana s\u2019ha presentat la campanya \u201cAmbaixadors del Bon Tracte\u201d al Vendrell. Es tracta d\u2019una iniciativa impulsada per l\u2019Arc Serveis Assistencials, el servei d\u2019ajuda domicili\u00e0ria que treballa amb les persones &hellip; <a href=\"https:\/\/bisbalpenedes.com\/web\/2021\/06\/25\/la-bisbal-del-penedes-se-suma-a-la-xarxa-dambaixadors-del-bon-tracte\/\" class=\"more-link\">Read More<\/a><\/p>\n","protected":false},"author":4,"featured_media":18289,"comment_status":"closed","ping_status":"closed","sticky":false,"template":"","format":"standard","meta":[],"categories":[3851,464,8],"tags":[4617,315,4618,305,4400],"_links":{"self":[{"href":"https:\/\/bisbalpenedes.com\/web\/wp-json\/wp\/v2\/posts\/18288"}],"collection":[{"href":"https:\/\/bisbalpenedes.com\/web\/wp-json\/wp\/v2\/posts"}],"about":[{"href":"https:\/\/bisbalpenedes.com\/web\/wp-json\/wp\/v2\/types\/post"}],"author":[{"embeddable":true,"href":"https:\/\/bisbalpenedes.com\/web\/wp-json\/wp\/v2\/users\/4"}],"replies":[{"embeddable":true,"href":"https:\/\/bisbalpenedes.com\/web\/wp-json\/wp\/v2\/comments?post=18288"}],"version-history":[{"count":2,"href":"https:\/\/bisbalpenedes.com\/web\/wp-json\/wp\/v2\/posts\/18288\/revisions"}],"predecessor-version":[{"id":18291,"href":"https:\/\/bisbalpenedes.com\/web\/wp-json\/wp\/v2\/posts\/18288\/revisions\/18291"}],"wp:featuredmedia":[{"embeddable":true,"href":"https:\/\/bisbalpenedes.com\/web\/wp-json\/wp\/v2\/media\/18289"}],"wp:attachment":[{"href":"https:\/\/bisbalpenedes.com\/web\/wp-json\/wp\/v2\/media?parent=18288"}],"wp:term":[{"taxonomy":"category","embeddable":true,"href":"https:\/\/bisbalpenedes.com\/web\/wp-json\/wp\/v2\/categories?post=18288"},{"taxonomy":"post_tag","embeddable":true,"href":"https:\/\/bisbalpenedes.com\/web\/wp-json\/wp\/v2\/tags?post=18288"}],"curies":[{"name":"wp","href":"https:\/\/api.w.org\/{rel}","templated":true}]}}