{"id":18276,"date":"2021-06-23T13:54:33","date_gmt":"2021-06-23T11:54:33","guid":{"rendered":"https:\/\/bisbalpenedes.com\/web\/?p=18276"},"modified":"2021-06-23T13:54:33","modified_gmt":"2021-06-23T11:54:33","slug":"el-dilluns-28-sobre-la-convocatoria-de-vacunacio-per-a-les-persones-nascudes-entre-el-1987-i-el-1991","status":"publish","type":"post","link":"https:\/\/bisbalpenedes.com\/web\/2021\/06\/23\/el-dilluns-28-sobre-la-convocatoria-de-vacunacio-per-a-les-persones-nascudes-entre-el-1987-i-el-1991\/","title":{"rendered":"El dilluns 28 s&#8217;obre la convocat\u00f2ria de vacunaci\u00f3 per a les persones nascudes entre el 1987 i el 1991"},"content":{"rendered":"\n<p>El pr\u00f2xim dilluns 28 s\u2019obrir\u00e0 la convocat\u00f2ria de vacunaci\u00f3 per a les persones nascudes entre els anys 1987 i 1991, que podran comen\u00e7ar a demanar cita. Per a m\u00e9s informaci\u00f3, accediu a: <a rel=\"noreferrer noopener\" href=\"https:\/\/canalsalut.gencat.cat\/vacunacio-1982-1991\" target=\"_blank\">https:\/\/canalsalut.gencat.cat\/vacunacio-1982-1991<\/a><\/p>\n\n\n\n<hr class=\"wp-block-separator is-style-wide\"\/>\n\n\n\n<p>El pr\u00f3ximo lunes 28 se abrir\u00e1 la convocatoria de vacunaci\u00f3n para las personas nacidas entre los a\u00f1os 1987 y 1991, que podr\u00e1n empezar a pedir cita.Para m\u00e1s informaci\u00f3n, acceded a: <a rel=\"noreferrer noopener\" href=\"https:\/\/canalsalut.gencat.cat\/vacunacio-1982-1991\" target=\"_blank\">https:\/\/canalsalut.gencat.cat\/vacunacio-1982-1991<\/a><\/p>\n","protected":false},"excerpt":{"rendered":"<p>El pr\u00f2xim dilluns 28 s\u2019obrir\u00e0 la convocat\u00f2ria de vacunaci\u00f3 per a les persones nascudes entre els anys 1987 i 1991, que podran comen\u00e7ar a demanar cita. Per a m\u00e9s informaci\u00f3, &hellip; <a href=\"https:\/\/bisbalpenedes.com\/web\/2021\/06\/23\/el-dilluns-28-sobre-la-convocatoria-de-vacunacio-per-a-les-persones-nascudes-entre-el-1987-i-el-1991\/\" class=\"more-link\">Read More<\/a><\/p>\n","protected":false},"author":4,"featured_media":18277,"comment_status":"closed","ping_status":"closed","sticky":false,"template":"","format":"standard","meta":[],"categories":[3636,4095,8,14],"tags":[3550,3559,434,431],"_links":{"self":[{"href":"https:\/\/bisbalpenedes.com\/web\/wp-json\/wp\/v2\/posts\/18276"}],"collection":[{"href":"https:\/\/bisbalpenedes.com\/web\/wp-json\/wp\/v2\/posts"}],"about":[{"href":"https:\/\/bisbalpenedes.com\/web\/wp-json\/wp\/v2\/types\/post"}],"author":[{"embeddable":true,"href":"https:\/\/bisbalpenedes.com\/web\/wp-json\/wp\/v2\/users\/4"}],"replies":[{"embeddable":true,"href":"https:\/\/bisbalpenedes.com\/web\/wp-json\/wp\/v2\/comments?post=18276"}],"version-history":[{"count":1,"href":"https:\/\/bisbalpenedes.com\/web\/wp-json\/wp\/v2\/posts\/18276\/revisions"}],"predecessor-version":[{"id":18278,"href":"https:\/\/bisbalpenedes.com\/web\/wp-json\/wp\/v2\/posts\/18276\/revisions\/18278"}],"wp:featuredmedia":[{"embeddable":true,"href":"https:\/\/bisbalpenedes.com\/web\/wp-json\/wp\/v2\/media\/18277"}],"wp:attachment":[{"href":"https:\/\/bisbalpenedes.com\/web\/wp-json\/wp\/v2\/media?parent=18276"}],"wp:term":[{"taxonomy":"category","embeddable":true,"href":"https:\/\/bisbalpenedes.com\/web\/wp-json\/wp\/v2\/categories?post=18276"},{"taxonomy":"post_tag","embeddable":true,"href":"https:\/\/bisbalpenedes.com\/web\/wp-json\/wp\/v2\/tags?post=18276"}],"curies":[{"name":"wp","href":"https:\/\/api.w.org\/{rel}","templated":true}]}}