{"id":18264,"date":"2021-06-23T13:19:38","date_gmt":"2021-06-23T11:19:38","guid":{"rendered":"https:\/\/bisbalpenedes.com\/web\/?p=18264"},"modified":"2021-06-30T12:14:56","modified_gmt":"2021-06-30T10:14:56","slug":"aquest-dilluns-21-de-juny-ha-tingut-lloc-un-ple-ordinari-a-lajuntament-de-la-bisbal-del-penedes","status":"publish","type":"post","link":"https:\/\/bisbalpenedes.com\/web\/2021\/06\/23\/aquest-dilluns-21-de-juny-ha-tingut-lloc-un-ple-ordinari-a-lajuntament-de-la-bisbal-del-penedes\/","title":{"rendered":"Aquest dilluns 21 de juny ha tingut lloc un Ple Ordinari a l\u2019Ajuntament de La Bisbal del Pened\u00e8s"},"content":{"rendered":"\n<p>Aquest dilluns 21 de juny, a les 19h, ha tingut lloc el Ple ordinari de l\u2019Ajuntament de la Bisbal del Pened\u00e8s corresponent a aquest trimestre. El Ple s\u2019ha celebrat de forma presencial i a porta tancada per poder garantir totes les mesures de prevenci\u00f3 de contagis per la COVID-19 i l\u2019enregistrament en v\u00eddeo el podeu veure aqu\u00ed:<\/p>\n\n\n\n<figure class=\"wp-block-embed is-type-video is-provider-youtube wp-block-embed-youtube wp-embed-aspect-16-9 wp-has-aspect-ratio\"><div class=\"wp-block-embed__wrapper\">\n<iframe loading=\"lazy\" title=\"Ajuntament de la Bisbal del Pened\u00e8s. Ple ordinari de 21 de juny de 2021\" width=\"1170\" height=\"658\" src=\"https:\/\/www.youtube.com\/embed\/WXYU-miMsUA?feature=oembed\" frameborder=\"0\" allow=\"accelerometer; autoplay; clipboard-write; encrypted-media; gyroscope; picture-in-picture\" allowfullscreen><\/iframe>\n<\/div><\/figure>\n\n\n\n<p>Hi han assistit tots els membres del Consistori: 6 regidors de Comprom\u00eds amb la Bisbal, 2 regidors del PSC, 1 regidor d\u2019Units per la Bisbal \u2013 FIC, 1 regidora d\u2019Ara la Bisbal i 1 regidora d\u2019ERC-AM.<\/p>\n\n\n\n<p>S\u2019hi han tractat els seg\u00fcents punts:<\/p>\n\n\n\n<p><strong>Punt 1. Aprovaci\u00f3 de l\u2019acta del Ple ordinari del 15 de mar\u00e7.<\/strong><\/p>\n\n\n\n<p>S\u2019ha aprovat per unanimitat.<\/p>\n\n\n\n<p><strong>Punt 2. Aprovaci\u00f3 de l\u2019acta del Ple extraordinari del 30 d\u2019abril.<\/strong><\/p>\n\n\n\n<p>S\u2019ha aprovat per unanimitat.<\/p>\n\n\n\n<p><strong>Punt 3. Aprovaci\u00f3 de l\u2019acta del Ple extraordinari del 12 de maig.<\/strong><\/p>\n\n\n\n<p>S\u2019ha aprovat per unanimitat.<\/p>\n\n\n\n<p><strong>Punt 4. Expedient 1842\/2020. Aprovaci\u00f3 del Pla d\u2019Acci\u00f3 per l\u2019Energia Sostenible i el Clima (PAESC).<\/strong><\/p>\n\n\n\n<p>S\u2019ha aprovat, inicialment, per unanimitat.<\/p>\n\n\n\n<p>L\u2019Ajuntament es va adherir, el novembre de 2017, al \u201cPacte d\u2019Alcaldes\/esses pel Clima i l\u2019Energia\u201d, aprovat el 15 d\u2019octubre de 2015 a la Uni\u00f3 Europea, que es fonamenta en el comprom\u00eds de les ciutats i pobles adherits per aconseguir els objectius comunitaris de reducci\u00f3 de les emissions de CO\u2082 mitjan\u00e7ant actuacions d\u2019efici\u00e8ncia energ\u00e8tica i d\u2019implantaci\u00f3 d\u2019energies renovables, aix\u00ed com de millorar la preparaci\u00f3 dels ens locals per respondre als efectes del canvi clim\u00e0tic. Les quatre l\u00ednies estrat\u00e8giques de l\u2019objectiu principal del PAESC s\u00f3n: efici\u00e8ncia energ\u00e8tica, energies renovables, mobilitat i residus. Adherint-se al pla, l\u2019Ajuntament mostrava la seva voluntat de fer-se seves les propostes de la Uni\u00f3 Europea i el seu comprom\u00eds per reduir les emissions de CO\u2082 en un 40% fins a l\u2019any 2030, aix\u00ed com el seu comprom\u00eds per elaborar el \u201cPla d\u2019Acci\u00f3 per a l\u2019Energia Sostenible i el Clima (PAESC)\u201d.<\/p>\n\n\n\n<p>Despr\u00e9s d\u2019adherir-se al pacte, l\u2019Ajuntament va sol\u00b7licitar assist\u00e8ncia t\u00e8cnica per a l\u2019elaboraci\u00f3 del PAESC al Departament de Medi Ambient, Salut P\u00fablica i Enginyeria Municipal i Territori del Servei d\u2019Assist\u00e8ncia Municipal (SAM) de la Diputaci\u00f3 de Tarragona, que \u00e9s la coordinadora territorial del pacte des de l\u2019any 2013. Des del 2018 fins al 2020 s\u2019ha dut a terme el proc\u00e9s d\u2019elaboraci\u00f3 del PAESC per part de la Diputaci\u00f3 de Tarragona amb el seguiment constant de l\u2019alcaldessa Agn\u00e8s Ferr\u00e9 i la Regidora de Medi Ambient, Leo Uceda, aix\u00ed com dels t\u00e8cnics municipals.<\/p>\n\n\n\n<p>L\u2019agost de 2020 el Departament de Medi Ambient, Salut P\u00fablica, Enginyeria Municipal i Territori del SAM de la Diputaci\u00f3 de Tarragona va presentar el PAESC del municipi, redactat per l\u2019empresa DinamE Energy Services, SL. La major part del pes de les accions proposades en el PAESC del municipi recauen sobre edificis municipals (35% de les accions), els edificis residencials (15%) i la producci\u00f3 local d\u2019energia (12%). No obstant aix\u00f2, 18 accions actuen directament en l\u2019\u00e0mbit de l\u2019Ajuntament de la Bisbal del Pened\u00e8s (edificis municipals i altres), el que suposa un 56,2% del total de les accions.<\/p>\n\n\n\n<p>Accions a iniciar aquest 2021 i fins al 2030:<\/p>\n\n\n\n<p><em>Per a la reducci\u00f3 del CO<\/em>\u2082<em>:<\/em> 32 accions que suposen un estalvi de 8.290,9tCO2eq per a l\u2019any 2030, \u00e9s a dir, una reducci\u00f3 del 50% respecte de les emissions de l\u2019any 2005. El cost de l\u2019aplicaci\u00f3 de les accions de mitigaci\u00f3 \u00e9s de 3.234.406,30\u20ac. Es tracta de mesures d\u2019efici\u00e8ncia energ\u00e8tica, d\u2019energies renovables, de mobilitat i de residus.<\/p>\n\n\n\n<p><em>Mesures d\u2019efici\u00e8ncia energ\u00e8tica adre\u00e7ades tant a equipaments p\u00fablics, enllumenat municipal, sector serveis i sector dom\u00e8stics.<\/em> Destaquen les seg\u00fcents accions: contractaci\u00f3 d\u2019un Gestor Energ\u00e8tic, monitoratge dels equipaments, campanyes de sensibilitzaci\u00f3 adre\u00e7ades a tots els sectors i vinculades amb mesures d\u2019efici\u00e8ncia en il\u00b7luminaci\u00f3, electrodom\u00e8stics i a\u00efllaments o la realitzaci\u00f3 d\u2019una renovaci\u00f3 de l\u2019enllumenat p\u00fablic. Aquestes accions representen un 11% de l\u2019estalvi d\u2019emissions.<\/p>\n\n\n\n<p><em>Mesures relacionades amb les energies renovables<\/em>, representant el 22% de l\u2019estalvi d\u2019emissions. Aquestes accions estan relacionades amb la compra d\u2019energia verda per als subministraments de l\u2019Ajuntament i la instal\u00b7laci\u00f3 de plaques solars fotovoltaiques per a l\u2019autoconsum en equipaments p\u00fablics, entre altres. Quant a la ciutadania, recordem que des d\u2019aquest any est\u00e0 en vigor l\u2019impost d\u2019obres i de l\u2019IBI i l\u2019anul\u00b7laci\u00f3 de la taxa urban\u00edstica per a la instal\u00b7laci\u00f3 de plaques solars fotovoltaiques i est\u00e0 treballant en les comunitats energ\u00e8tiques.<\/p>\n\n\n\n<p><em>Mesures vinculades amb el transport<\/em>, tant del municipi com privat, que representen un 53% d\u2019estalvi d\u2019emissions. Les accions estan vinculades amb la incorporaci\u00f3 de vehicles el\u00e8ctrics i sistemes de mobilitat sostenible, tant a dins com a fora de la flota municipal com la promoci\u00f3 d\u2019aquests sistemes de mobilitat a la poblaci\u00f3. L\u2019Ajuntament est\u00e0 treballant en la bonificaci\u00f3 de l\u2019Impost de circulaci\u00f3 per als vehicles el\u00e8ctrics.<\/p>\n\n\n\n<p><em>Mesures i campanyes adre\u00e7ades a incrementar el percentatge de recollida selectiva i a la minimitzaci\u00f3 de la generaci\u00f3 dels residus<\/em>. Es tracta d\u2019accions que representen un 13,3% d\u2019estalvi d\u2019emissions i que estan previstes en el nou servei de recollida de residus.<\/p>\n\n\n\n<p><em>Per a l\u2019adaptaci\u00f3 al canvi clim\u00e0tic:<\/em> 47 accions que permetran augmentar la resili\u00e8ncia del municipi davant dels impactes del canvi clim\u00e0tic i 22 accions per a l\u2019estalvi del consum d\u2019aigua. El cost de l\u2019aplicaci\u00f3 de les accions per a l\u2019adaptaci\u00f3 \u00e9s d\u20191.262.129,25\u20ac.<\/p>\n\n\n\n<p>L\u2019arranjament de camins \u00e9s una de les mesures, que s\u2019ha iniciat enguany.<\/p>\n\n\n\n<p>Tamb\u00e9 s\u2019inclou el Pla director d\u2019aigua i clavegueram, que est\u00e0 en curs.<\/p>\n\n\n\n<p><strong>Punt 5. Expedient 1050\/2021. Adhesi\u00f3 al sistema central d\u2019adquisicions de la Generalitat de Catalunya.<\/strong><\/p>\n\n\n\n<p>S\u2019ha aprovat per unanimitat.<\/p>\n\n\n\n<p>L\u2019Ajuntament de La Bisbal del Pened\u00e8s est\u00e0 adherit a la Central de compres de l\u2019Associaci\u00f3 Catalana de Municipis, on t\u00e9 contractada l\u2019energia, el paper i el r\u00e8nting de vehicles, entre altres. Ara ha aprovat l\u2019adhesi\u00f3 al sistema central de compres de la Generalitat, ampliant l\u2019oferta per poder contractar serveis o adquirir material i b\u00e9ns sense haver de fer tot el procediment de licitaci\u00f3, accedint-hi a preus competitius.<\/p>\n\n\n\n<p>La Comissi\u00f3 Central de Subministraments \u00e9s un \u00f2rgan col\u00b7legiat de contractaci\u00f3 de subministraments i serveis declarats de contractaci\u00f3 centralitzada adscrit al Departament de la Vicepresid\u00e8ncia i d\u2019Economia i Hisenda. Aquest \u00f2rgan licita procediments d\u2019acord marc i contractacions centralitzades adre\u00e7ats a tots els departaments de l\u2019Administraci\u00f3 de la Generalitat de Catalunya, i tamb\u00e9 a les entitats del sector p\u00fablic adherides al sistema central d\u2019adquisicions que hi vulguin participar. Actualment s\u2019hi poden trobar: mobiliari d\u2019oficina, vehicles, material d\u2019oficina i paper, entre altres.<\/p>\n\n\n\n<p>L\u2019Ajuntament tamb\u00e9 s\u2019ha adherit a la Comissi\u00f3 Central de Subministraments, ja que permet la simplificaci\u00f3 dels procediments de licitaci\u00f3 dels ens adherits, redueix terminis, aporta seguretat jur\u00eddica i assegura la solv\u00e8ncia econ\u00f2mica de les empreses i la t\u00e8cnica dels productes.<\/p>\n\n\n\n<p><strong>Punt 6. Expedient 877\/2021. Modificaci\u00f3 de Cr\u00e8dit en modalitat de cr\u00e8dit extraordinari.<\/strong><\/p>\n\n\n\n<p>S\u2019aprova, inicialment i per unanimitat, una modificaci\u00f3 de cr\u00e8dit per un import de 241.639,90\u20ac.<\/p>\n\n\n\n<p>L\u2019Ajuntament t\u00e9 previstes inversions i serveis que no estan contemplats en el pressupost 2021 o que s\u00ed que estan contemplats, per\u00f2 que no compten amb import suficient al pressupost. Per aquest motiu s\u2019ha elevat al Ple una modificaci\u00f3 de cr\u00e8dit per crear partides noves al pressupost i dotar-les de diners i, alhora, incrementar algunes partides existents, tot a c\u00e0rrec del romanent l\u00edquid de tresoreria. La modificaci\u00f3 de cr\u00e8dit afecta les seg\u00fcents inversions o serveis:<\/p>\n\n\n\n<ul><li><em>Reparar un tram del col\u00b7lector de sanejament al Priorat de la Bisbal<\/em>, des de la part alta del carrer Toledo fins al fons del torrent d\u2019en Many\u00e9, per una fuita d\u2019aig\u00fces residuals. Es reparar\u00e0 a trav\u00e9s d\u2019un contracte menor de 17.422,49\u20ac (IVA incl\u00f2s) a petici\u00f3 de la regidora d\u2019abastament d\u2019aigua potable i clavegueram, Leo Uceda.<\/li><\/ul>\n\n\n\n<p>El pressupost 2021 no t\u00e9 cap partida d\u2019inversi\u00f3 en clavegueram. Com que aquesta fuita ha sorgit amb posterioritat a l\u2019aprovaci\u00f3 del pressupost d\u2019enguany, es proposa aquesta modificaci\u00f3.<\/p>\n\n\n\n<ul><li><em>Canviar les llumin\u00e0ries del camp de futbol municipal per llumin\u00e0ries tipus LED<\/em> a petici\u00f3 de la regidora d\u2019Esports i Medi Ambient, Leo Uceda. Amb l\u2019objectiu de millorar l\u2019efici\u00e8ncia energ\u00e8tica, reduir el consum el\u00e8ctric, complir amb la normativa vigent, complir amb el PAESC i incrementar la seguretat, i tenint en compte l\u2019hist\u00f2ric de desperfectes relacionats amb la il\u00b7luminaci\u00f3 actual, es vol fer una inversi\u00f3 de 49.677,78\u20ac (IVA incl\u00f2s) per canviar l\u2019esmentada llumin\u00e0ria. Al pressupost 2021 hi ha partida per canvi a LED d\u2019enllumenat p\u00fablic, per\u00f2 no s\u2019hi contemplava el camp de futbol. Per aquest motiu es crea aquesta partida.<\/li><\/ul>\n\n\n\n<ul><li><em>Aportaci\u00f3 de l\u2019Ajuntament de la Bisbal del Pened\u00e8s al Consell Comarcal del Baix Pened\u00e8s per a la licitaci\u00f3 del servei de residus pel conveni de col\u00b7laboraci\u00f3 i cooperaci\u00f3 m\u00fatua per culminar el tr\u00e0nsit de l\u2019actual sistema comarcal de recollida, tractament i eliminaci\u00f3 de residus s\u00f2lids urbans<\/em> vers un nou model jur\u00eddicament actualitzat, econ\u00f2micament sostenible i ecol\u00f2gicament responsable. Al pressupost 2021 no constava aquesta partida perqu\u00e8 en el moment de l\u2019aprovaci\u00f3 no estava prevista. Aquesta aportaci\u00f3 \u00e9s de 3.134,53\u20ac per fer front a l\u2019estudi i procediment de la licitaci\u00f3 comarcal de la qual formarem part.<br><br><\/li><li><em>Inversi\u00f3 en millores al Punt Verd <\/em>a petici\u00f3 del regidora de Gesti\u00f3 de Residus, F\u00e9lix Villaz\u00e1n. S\u2019hi instal\u00b7lar\u00e0 un motor a la porta d\u2019acc\u00e9s, un equip hidr\u00e0ulic per a les autocompactadores, un sistema d\u2019aigua a pressi\u00f3 per a la neteja i manteniment de la planta, s\u2019hi subministraran set caixes obertes, una b\u00e0scula de passatge, un contenidor d\u2019oli i la reforma de la caseta de recepci\u00f3 o dels vestuaris. Suposar\u00e0 un import aproximat de 163.350 (IVA incl\u00f2s). Al pressupost 2021 no estaven previstes les millores al Punt Verd.<br><br><\/li><li><em>Conveni de col\u00b7laboraci\u00f3 amb la Cambra de Comer\u00e7 de Tarragona<\/em> per seguir desenvolupant programes de dinamitzaci\u00f3 i formaci\u00f3 per a comer\u00e7os, aut\u00f2noms i productors, per un import de 8.055\u20ac.<\/li><\/ul>\n\n\n\n<p>\u201cTenint en compte l\u2019\u00e8xit de les dues accions dutes a terme a finals de 2020 i el primer trimestre de 2021\u201d, la regidora de Comer\u00e7, Judith Vidal, ha proposat continuar duent a terme accions de dinamitzaci\u00f3 comercial.<\/p>\n\n\n\n<p>Una vegada aprovat, aquest acord queda exposat al p\u00fablic durant 15 dies.<\/p>\n\n\n\n<p><strong>Punt 7. Expedient 599\/2021. Donar compte del Pla d\u2019acci\u00f3 de les actuacions de control intern de l\u2019exercici 2020<\/strong>.<\/p>\n\n\n\n<p>Es dona compte del pla d\u2019acci\u00f3 que determina les mesures a adoptar per esmenar les febleses, defici\u00e8ncies, errors i incompliments que es posen de manifest en el resum de l\u2019informe del qual es dona compte al punt 10 de l\u2019ordre del dia. Aquest Pla d\u2019acci\u00f3 es va enviar al Ministeri d\u2019Hisenda i la Sindicatura de Comptes, com marca la normativa, a finals de maig.<\/p>\n\n\n\n<p><strong>Punt 8. Expedient 599\/2021. Donar compte de l\u2019informe de morositat anual 2020.<\/strong><\/p>\n\n\n\n<p>Es dona compte de l\u2019informe de morositat anual 2020.<\/p>\n\n\n\n<p>Els pagaments fets dins del per\u00edode legal de pagament el 2020, s\u00f3n per un import de 513.474,08\u20ac i suposen un 75,85\u20ac del total de pagaments.<\/p>\n\n\n\n<p>Els pagaments fets fora del per\u00edode legal de pagament el 2020, s\u00f3n 160.495,52\u20ac, i suposen un 23,70% del total de pagaments.<\/p>\n\n\n\n<p>Els pagaments pendents d\u2019abonar estan dins del per\u00edode legal de pagament, essent de 2.988,19\u20ac i suposen un 0,44% del total dels pagaments.<\/p>\n\n\n\n<p>Aquest informe s\u2019envia el 25 de maig i aquest dilluns se n\u2019ha donat compte al Ple.<\/p>\n\n\n\n<p><strong>Punt 9.Expedient 599\/2021. Donar compte de l\u2019informe de control de les despeses pendents d\u2019aplicar al pressupost 2020.<\/strong><\/p>\n\n\n\n<p>La disposici\u00f3 addicional tercera de la Llei 9\/2021, de 20 de desembre, de Control del deute comercial del sector p\u00fablic enuncia que les entitats de les administracions p\u00fabliques no subjectes a auditoria de comptes hauran d\u2019efectuar anualment els treballs de control necessaris per, mitjan\u00e7ant t\u00e8cniques d\u2019auditoria, verificar l\u2019exist\u00e8ncia d\u2019obligacions derivades de despeses realitzades o b\u00e9ns i serveis rebuts pels quals no s\u2019ha produ\u00eft la seva imputaci\u00f3 pressupost\u00e0ria. A finals d\u2019abril es va realitzar un informe i es va enviar al Ministeri d\u2019Hisenda i sindicatura de comptes. Aquest dilluns se n\u2019ha donat compte al Ple.<\/p>\n\n\n\n<p>La ra\u00f3 de l\u2019exist\u00e8ncia del compte 413 \u201cCreditors per operacions pendents d\u2019aplicar a pressupost\u201d, que es defineix al pla general comptable com el compte creditor que recull les obligacions derivades de despeses realitzades o b\u00e9ns i serveis rebuts, per a les que no s\u2019ha produ\u00eft la seva aplicaci\u00f3 al pressupost, sent procedent la mateixa, \u00e9s donar compliment a el principi de meritaci\u00f3. Segons ha explicat l\u2019alcaldessa Agn\u00e8s Ferr\u00e9 \u201c\u00e9s una partida \u2018de pas\u2019 on hi afegim factures que ens arriben els \u00faltims dies de l\u2019any i que, per tant, no hem tingut temps de fer el procediment d\u2019aprovaci\u00f3 de factures i posterior aprovaci\u00f3 de pagament i ho regularitzem a comen\u00e7aments d\u2019any\u201d. Ferr\u00e9 ha explicat que \u201ca comen\u00e7aments del 2020 ten\u00edem 72.511,19\u20ac al compte 413, corresponents a despeses del primer cobrament de l\u2019exercici 2019, en no disposar de prou cr\u00e8dit en la partida corresponent. \u00c9s l\u2019import que ens factura BASE per la gesti\u00f3 dels impostos i taxes i que va pujar m\u00e9s del que ten\u00edem pressupostat. Ens va enviar el pagament a finals d\u2019any i, per aquest motiu, va quedar pendent a 31 de desembre de 2019 i es va regularitzar el 2020\u201d. Ferr\u00e9 ha afegit que \u201cEl saldo a 31 de desembre de 2020 de despeses pendents d\u2019aplicar a pressupost era de&nbsp; 80.825,37\u20ac: 5.325,99\u20ac, corresponents a una errada en el programa inform\u00e0tic, que s\u2019ha corregut aquest any 2021; i la resta corresponen a factures registrades el dia 31 de desembre de 2020 i que no han pogut seguir el tr\u00e0mit d\u2019aprovaci\u00f3 el 2020 i que s\u2019efectua el 2021\u201d.<\/p>\n\n\n\n<p><strong>Punt 10. Expedient 599\/2021. Donar compte de l\u2019informe resum de control intern de l\u2019exercici 2020.<\/strong><\/p>\n\n\n\n<p>El control intern est\u00e0 regulat per l\u2019article 213 del Text Ref\u00f3s de la Llei reguladora de les Hisendes Locals i desenvolupat en el Reial Decret 424\/2017, de 28 d\u2019abril, pel qual es regula el r\u00e8gim jur\u00eddic del control intern en les entitats del sector p\u00fablic local. \u00c9s el que exerceixen les entitats locals, respecte a la seva gesti\u00f3 econ\u00f2mica i, si \u00e9s el cas, la dels organismes aut\u00f2noms i de les societats mercantils d\u2019elles dependents, en la seva triple acceptaci\u00f3 de funci\u00f3 interventora, control financer i controls d\u2019efic\u00e0cia i efici\u00e8ncia.<\/p>\n\n\n\n<p>En l\u2019exercici 2020 no es va aprovar el Pla anual de control financer. En conseq\u00fc\u00e8ncia, no s\u2019han dut a terme actuacions de control financer posteriors mitjan\u00e7ant t\u00e8cniques de mostreig. Per tot aix\u00f2, aquest informe resum es basa en la funci\u00f3 interventora, en actuacions de comprovaci\u00f3 posterior (no emmarcades en cap document de planificaci\u00f3) i en les actuacions de control permanent no planificables, \u00e9s a dir, les actuacions que s\u00f3n atribu\u00efbles per l\u2019ordenament jur\u00eddic a l\u2019\u00f2rgan interventor. &nbsp;<\/p>\n\n\n\n<p>L\u2019informe de control intern del 2020 es va enviar al Ministeri d\u2019Hisenda i a la sindicatura de comptes el mes de maig i aquest dilluns s\u2019ha donat compte d\u2019aquest al Ple, complint aix\u00ed amb la normativa.<\/p>\n\n\n\n<p>L\u2019alcaldessa ha destacat que:<\/p>\n\n\n\n<p>\u201chi ha 557.409,84\u20ac que suposen un 12,8% del pressupost, corresponents a despeses de serveis o adquisicions que s\u2019han complert i pagat, per\u00f2 que no han seguit la tramitaci\u00f3 fixada per la nova llei de contractaci\u00f3. No \u00e9s un incompliment greu sin\u00f3 que \u00e9s esmenable per la justificaci\u00f3 de la despesa i perqu\u00e8 s\u2019ha realitzat el servei o la compra. S\u00f3n factures del 2020 corresponents a:<\/p>\n\n\n\n<p>-Subministrament d\u2019aliments per al Rebost Solidari: quan feien falta aliments es compraven als comer\u00e7os locals, els quals feien arribar la factura corresponent. Aix\u00f2, que a nosaltres ens sembla l\u00f2gic, no \u00e9s \u2018correcte\u2019 segons la Llei de contractaci\u00f3. Per aquest 2021 s\u2019aproven bestretes per fer el mateix per\u00f2 complint amb la normativa de contractaci\u00f3.<\/p>\n\n\n\n<p>-Subministrament d\u2019una plataforma administrativa per a la gesti\u00f3 d\u2019expedients i seguiment de l\u2019administraci\u00f3 electr\u00f2nic. El gestiona \u00e9s el gestor que s\u2019utilitza a l\u2019Ajuntament i que es va contractar el 2013 sense licitar. Estem pendents d\u2019adherir-nos al Consell Comarcal del Baix Pened\u00e8s.<\/p>\n\n\n\n<p>-Subministrament de material d\u2019oficina, exceptuant el paper. Fins ara es comprava el material d\u2019oficina directament a comer\u00e7os i, tamb\u00e9 sembla que sigui correcte, per\u00f2 no perqu\u00e8 segons la normativa s\u2019ha de licitar. A partir d\u2019ara s\u2019adquirir\u00e0 a trav\u00e9s de l\u2019adhesi\u00f3 que hem aprovat avui amb la Generalitat.<\/p>\n\n\n\n<p>-Subministrament de material utilitzat per la brigada municipal per manteniment d\u2019edificis, parcs, vies p\u00fabliques, enllumenat p\u00fablic. Es comprava directament quan feia falta i ara s\u2019adquirir\u00e0 a trav\u00e9s de les dues plataformes a les quals estem adherits, l\u2019ACM i la Generalitat.<\/p>\n\n\n\n<p>-Reparacions dels vehicles municipals: no es pot licitar el servei perqu\u00e8 no podem saber quan hi ha avaries i per a nosaltres t\u00e9 sentit que els vehicles es portin al mec\u00e0nic del municipi, per\u00f2 com acostuma a passar, les lleis no acostumen a tenir en compte els municipis petits ni les seves realitats.<\/p>\n\n\n\n<p>-Servei de podologia: des d\u2019abans del 2015 que no es compleix amb la normativa i es licitar\u00e0 aviat.<\/p>\n\n\n\n<p>-Servei de classes d\u2019activitats esportives com&nbsp; zumba, pilates i altres, es realitzen a trav\u00e9s de conveni amb el consell esportiu del Baix Pened\u00e8s. Abans del 2015 no es complia amb la normativa perqu\u00e8 es contractava a trav\u00e9s de servei de monitoratge. A partir del 2015 es va fer conveni amb el Consell Esportiu, per\u00f2 tamb\u00e9 cal licitar-ho<\/p>\n\n\n\n<p>-Edici\u00f3 i impressi\u00f3 de la revista \u00abTorre de guaita\u00bb. Pendent de licitaci\u00f3.<\/p>\n\n\n\n<p>-Subministrament de carburants i gasoil per calefacci\u00f3 de les escoles i per als vehicles municipals. El gasoil de calefacci\u00f3 es far\u00e0 a trav\u00e9s de l\u2019adhesi\u00f3 de compres de la Generalitat. El cas del carburant per a vehicles el problema \u00e9s fins ara es feia amb la targeta Solred i la normativa dels ajuntaments no admet domiciliacions. Aquest 2021 el que es fa s\u00f3n bestretes perqu\u00e8 els operaris municipals puguin pagar i despr\u00e9s justificar-ho.<\/p>\n\n\n\n<p>&#8211; Serveis jur\u00eddics i treballs t\u00e8cnics; resolt des de meitats de l\u2019any passat perqu\u00e8 ens vam adherir a aquest servei licitat des del Consell Comarcal del Baix Pened\u00e8s.<\/p>\n\n\n\n<p>&#8211; Equips d\u2019impressi\u00f3 i multifunci\u00f3: resolt aquest 2021<\/p>\n\n\n\n<p>El saldo a 31 de desembre de 2020 de despeses pendents d\u2019aplicar a pressupost era de&nbsp; 80.825,37\u20ac: 5.325,99\u20ac, corresponents a una errada en el programa inform\u00e0tic, que s\u2019ha corregut aquest any 2021; i la resta corresponen a factures registrades el dia 31 de desembre de 2020 i que no han pogut seguir el tr\u00e0mit d\u2019aprovaci\u00f3 el 2020 i que s\u2019efectua el 2021\u201d.<\/p>\n\n\n\n<p><strong>Punt 11. Expedient 702\/2021. Donar compte de l\u2019informe d\u2019execuci\u00f3 del pressupost del primer trimestre de 2021.<\/strong><\/p>\n\n\n\n<p>Es dona compte al Ple de l\u2019informe d\u2019execuci\u00f3 del pressupost del primer trimestre de 2021. S\u2019ha complert amb l\u2019obligaci\u00f3 de remissi\u00f3 telem\u00e0tica de la informaci\u00f3 requerida, dins dels terminis establerts, ja que es va enviar al Ministeri d\u2019Hisenda (MINHAP) el 28 d\u2019abril.<\/p>\n\n\n\n<p><strong>Punt 12. Expedient 703\/2021. Donar compte del per\u00edode mitj\u00e0 de pagament del primer trimestre del 2021<\/strong>.<\/p>\n\n\n\n<p>El per\u00edode mitj\u00e0 de pagament a prove\u00efdors del 1r trimestre de 2021 \u00e9s de 15,78 dies. Com que el m\u00e0xim perm\u00e8s \u00e9s de 30 dies, es compleix amb el per\u00edode mitj\u00e0 de pagament a prove\u00efdors legalment previst.<\/p>\n\n\n\n<p><strong>Punt 13. Expedient 1932\/2020. Donar compte del Pla anual del control financer del 2021.<\/strong><\/p>\n\n\n\n<p>Es dona compte de Pla anual del control financer del 2021, que s\u2019elabora sobre la base d\u2019una an\u00e0lisi de riscos consistent amb els objectius que es pretenen aconseguir, les prioritats establertes per a cada exercici i els mitjans disponibles.<\/p>\n\n\n\n<p>El control financer t\u00e9 per objecte verificar el funcionament dels serveis del sector p\u00fablic local en l\u2019aspecte econ\u00f2mic financer per comprovar el compliment de la normativa i directrius que es regeixen i, en general, que la seva gesti\u00f3 s\u2019ajusta als principis p\u00fablics es troba orientada per l\u2019efic\u00e0cia, l\u2019efici\u00e8ncia, l\u2019economia, la qualitat i la transpar\u00e8ncia, i pels principis d\u2019estabilitat pressupost\u00e0ria i sostenibilitat financera en l\u2019\u00fas dels recursos p\u00fablics locals. El control financer es dur\u00e0 a terme a trav\u00e9s de les modalitats de control permanent i l\u2019auditoria p\u00fablica, incloent-hi en ambdues el control d\u2019efic\u00e0cia referit en l\u2019article 213 del text ref\u00f3s de la Llei Reguladora de les Hisendes Locals.<\/p>\n\n\n\n<p><strong>Precs i Preguntes.<\/strong><\/p>\n\n\n\n<hr class=\"wp-block-separator is-style-wide\"\/>\n\n\n\n<p><strong>CASTELLANO<\/strong> |\u00a0Este lunes 21 de junio, a las 19h, ha tenido lugar el Pleno ordinario del Ayuntamiento de la Bisbal del Pened\u00e8s correspondiente a este trimestre. El Pleno se ha celebrado de forma presencial y a puerta cerrada para poder garantizar todas las medidas de prevenci\u00f3n de contagios por la COVID-19 y la grabaci\u00f3n en video la pod\u00e9is ver aqu\u00ed:<\/p>\n\n\n\n<figure class=\"wp-block-embed is-type-video is-provider-youtube wp-block-embed-youtube wp-embed-aspect-16-9 wp-has-aspect-ratio\"><div class=\"wp-block-embed__wrapper\">\n<iframe loading=\"lazy\" title=\"Ajuntament de la Bisbal del Pened\u00e8s. Ple ordinari de 21 de juny de 2021\" width=\"1170\" height=\"658\" src=\"https:\/\/www.youtube.com\/embed\/WXYU-miMsUA?feature=oembed\" frameborder=\"0\" allow=\"accelerometer; autoplay; clipboard-write; encrypted-media; gyroscope; picture-in-picture\" allowfullscreen><\/iframe>\n<\/div><\/figure>\n\n\n\n<p>Han asistido al Pleno todos los miembros del Consistorio: 6 concejales de Comprom\u00eds amb la Bisbal, 2 concejales del PSC, 1 concejal de Units per la Bisbal \u2013 FIC, 1 concejala de Ara la Bisbal y 1 concejala de ERC-AM.<\/p>\n\n\n\n<p>Se han tratado los siguientes puntos:<\/p>\n\n\n\n<p><strong>Punto 1. Aprobaci\u00f3n del acta del Pleno ordinario del 15 de marzo.<\/strong><\/p>\n\n\n\n<p>Se ha aprobado por unanimidad.<\/p>\n\n\n\n<p><strong>Punto 2. Aprobaci\u00f3n del acta del Pleno extraordinario del 30 de abril.<\/strong><\/p>\n\n\n\n<p>Se ha aprobado por unanimidad.<\/p>\n\n\n\n<p><strong>Punto 3. Aprobaci\u00f3n del acta del Pleno extraordinario del 12 de mayo.<\/strong><\/p>\n\n\n\n<p>Se ha aprobado por unanimidad.<\/p>\n\n\n\n<p><strong>Punto 4. Expediente 1842\/2020. Aprobaci\u00f3n del Plan de Acci\u00f3n por la Energ\u00eda Sostenible y el Clima (PAESC).<\/strong><\/p>\n\n\n\n<p>Se ha aprobado, inicialmente, por unanimidad.<\/p>\n\n\n\n<p>El Ayuntamiento se adhiri\u00f3, en noviembre del 2017, al \u201cPacto de Alcaldes\/as por el Clima y la Energ\u00eda\u201d, aprobado el 15 de octubre de 2015 en la Uni\u00f3n Europea, que se fundamenta en el compromiso de las ciudades y pueblos adheridos para conseguir los objetivos comunitarios de reducci\u00f3n de las emisiones de CO\u2082 mediante actuaciones de eficiencia energ\u00e9tica y de implantaci\u00f3n de energ\u00edas renovables, as\u00ed como de mejorar la preparaci\u00f3n de los entes locales para responder a los efectos del cambio clim\u00e1tico. Las cuatro l\u00edneas estrat\u00e9gicas del objetivo principal del PAESC son: eficiencia energ\u00e9tica, energ\u00edas renovables, movilidad y residuos. Adhiri\u00e9ndose al plan, el Ayuntamiento mostraba su voluntad de hacerse suyas las propuestas de la Uni\u00f3n Europea y su compromiso por reducir las emisiones de CO\u2082 en un 40% hasta el a\u00f1o 2030, as\u00ed como su compromiso para elaborar el \u201cPlan de Acci\u00f3n para la Energ\u00eda Sostenible y el Clima (PAESC)\u201d.<\/p>\n\n\n\n<p>Despu\u00e9s de adherirse al pacto, el Ayuntamiento solicit\u00f3 asistencia t\u00e9cnica para la elaboraci\u00f3n del PAESC al Departamento de Medioambiente, Salud P\u00fablica e Ingenier\u00eda Municipal y Territorio del Servicio de Asistencia Municipal (SAM) de la Diputaci\u00f3n de Tarragona, que es la coordinadora territorial del pacto desde el a\u00f1o 2013. Desde el 2018 hasta el 2020 se ha llevado a cabo el proceso de elaboraci\u00f3n del PAESC por parte de la Diputaci\u00f3n de Tarragona con el seguimiento constante de la alcaldesa Agn\u00e8s Ferr\u00e9 y la Regidora de Medioambiente, Leo Uceda, as\u00ed como de los t\u00e9cnicos municipales.<\/p>\n\n\n\n<p>El agosto de 2020 el Departamento de Medioambiente, Salud P\u00fablica, Ingenier\u00eda Municipal y Territorio de SAM de la Diputaci\u00f3n de Tarragona present\u00f3 el PAESC del municipio, redactado por la empresa DinamE Energy Services, SL. La mayor parte del peso de las acciones propuestas en el PAESC del municipio recaen sobre edificios municipales (35% de las acciones), los edificios residenciales (15%) y la producci\u00f3n local de energ\u00eda (12%). Sin embargo, 18 acciones act\u00faan directamente en el \u00e1mbito del Ayuntamiento de la Bisbal del Pened\u00e8s (edificios municipales y otros), lo que supone un 56,2% del total de las acciones.<\/p>\n\n\n\n<p>Acciones a iniciar este 2021 y hasta el 2030:<\/p>\n\n\n\n<p><em>Para la reducci\u00f3n del CO<\/em><em>\u2082:<\/em> 32 acciones que suponen un ahorro de 8.290,9tCO2eq para el a\u00f1o 2030, es decir, una reducci\u00f3n del 50% respecto de las emisiones del a\u00f1o 2005. El coste de la aplicaci\u00f3n de las acciones de mitigaci\u00f3n es de 3.234.406,30\u20ac. Se trata de medidas de eficiencia energ\u00e9tica, de energ\u00edas renovables, de movilidad y de residuos.<\/p>\n\n\n\n<p><em>Medidas de eficiencia energ\u00e9tica dirigidas tanto a equipaciones p\u00fablicas, alumbrado municipal, sector servicios y sector dom\u00e9sticos.<\/em> Destacan las siguientes acciones: contrataci\u00f3n de un Gestor Energ\u00e9tico, monitorizaci\u00f3n de las equipaciones, campa\u00f1as de sensibilizaci\u00f3n dirigidas a todos los sectores y vinculadas con medidas de eficiencia en iluminaci\u00f3n, electrodom\u00e9sticos y aislamientos o la realizaci\u00f3n de una renovaci\u00f3n del alumbrado p\u00fablico. Estas acciones representan un 11% del ahorro de emisiones.<\/p>\n\n\n\n<p><em>Medidas relacionadas con las energ\u00edas renovables<\/em>, representando el 22% del ahorro de emisiones. Estas acciones est\u00e1n relacionadas con la compra de energ\u00eda verde para los suministros del Ayuntamiento y la instalaci\u00f3n de placas solares fotovoltaicas para el autoconsumo en equipaciones p\u00fablicas, entre otras. En cuanto a la ciudadan\u00eda, recordamos que desde este a\u00f1o est\u00e1 en vigor el impuesto de obras y del IBI y la anulaci\u00f3n de la tasa urban\u00edstica para la instalaci\u00f3n de placas solares fotovoltaicas y est\u00e1 trabajando en las comunidades energ\u00e9ticas.<\/p>\n\n\n\n<p><em>Medidas vinculadas con el transporte<\/em>, tanto del municipio como privado, que representan un 53% de ahorro de emisiones. Las acciones est\u00e1n vinculadas con la incorporaci\u00f3n de veh\u00edculos el\u00e9ctricos y sistemas de movilidad sostenible, tanto adentro como fuera de la flota municipal como la promoci\u00f3n de estos sistemas de movilidad en la poblaci\u00f3n. El Ayuntamiento est\u00e1 trabajando en la bonificaci\u00f3n del Impuesto de circulaci\u00f3n para los veh\u00edculos el\u00e9ctricos.<\/p>\n\n\n\n<p><em>Medidas y campa\u00f1as dirigidas a incrementar el porcentaje de recogida selectiva y a la minimizaci\u00f3n de la generaci\u00f3n de los residuos.<\/em> Se trata de acciones que representan un 13,3% de ahorro de emisiones y que est\u00e1n previstas en el nuevo servicio de recogida de residuos.<\/p>\n\n\n\n<p><em>Para la adaptaci\u00f3n al cambio clim\u00e1tico:<\/em> 47 acciones que permitir\u00e1n aumentar la resiliencia del municipio ante los impactos del cambio clim\u00e1tico y 22 acciones para el ahorro del consumo de agua. El coste de la aplicaci\u00f3n de las acciones para la adaptaci\u00f3n es de 1.262.129,25\u20ac.<\/p>\n\n\n\n<p>El arreglo de caminos es una de las medidas, que se ha iniciado este a\u00f1o.<\/p>\n\n\n\n<p>Tambi\u00e9n se incluye el Plan director de agua y alcantarillado, que est\u00e1 en curso.<\/p>\n\n\n\n<p><strong>Punto 5. Expediente 1050\/2021. Adhesi\u00f3n al sistema central de adquisiciones de la Generalitat de Catalunya.<\/strong><\/p>\n\n\n\n<p>Se ha aprobado por unanimidad.<\/p>\n\n\n\n<p>El Ayuntamiento de La Bisbal del Pened\u00e8s est\u00e1 adherido a la Central de compras de la Associaci\u00f3 Catalana de Municipis, donde tiene contratada la energ\u00eda, el papel y el renting de veh\u00edculos, entre otros. Ahora ha aprobado la adhesi\u00f3n al sistema central de compras de la Generalitat, ampliando la oferta para poder contratar servicios o adquirir material y bienes sin tener que hacer todo el procedimiento de licitaci\u00f3n, accediendo a precios competitivos.<\/p>\n\n\n\n<p>La Comisi\u00f3n Central de Suministros es un \u00f3rgano colegiado de contrataci\u00f3n de suministros y servicios declarados de contrataci\u00f3n centralizada adscrito al Departamento de la Vicepresidencia y de Econom\u00eda y Hacienda. Este \u00f3rgano licita procedimientos de acuerdo marco y contrataciones centralizadas dirigidos a todos los departamentos de la Administraci\u00f3n de la Generalitat de Catalunya, y tambi\u00e9n a las entidades del sector p\u00fablico adheridas al sistema central de adquisiciones que quieran participar. Actualmente se pueden encontrar: mobiliario de oficina, veh\u00edculos, material de oficina y papel, entre otros.<\/p>\n\n\n\n<p>El Ayuntamiento tambi\u00e9n se ha adherido a la Comisi\u00f3n Central de Suministros, puesto que permite la simplificaci\u00f3n de los procedimientos de licitaci\u00f3n de los entes adheridos, reduce plazos, aporta seguridad jur\u00eddica y asegura la solvencia econ\u00f3mica de las empresas y la t\u00e9cnica de los productos.<\/p>\n\n\n\n<p><strong>Punto 6. Expediente 877\/2021. Modificaci\u00f3n de Cr\u00e9dito en modalidad de cr\u00e9dito extraordinario.<\/strong><\/p>\n\n\n\n<p>Se aprueba, inicialmente y por unanimidad, una modificaci\u00f3n de cr\u00e9dito por un importe de 241.639,90\u20ac.<\/p>\n\n\n\n<p>El Ayuntamiento tiene previstas inversiones y servicios que no est\u00e1n contemplados en el presupuesto 2021 o que s\u00ed que est\u00e1n contemplados, pero que no cuentan con importe suficiente en el presupuesto. Por este motivo se ha elevado al Pleno una modificaci\u00f3n de cr\u00e9dito para crear partidas nuevas en el presupuesto y dotarlas de dinero y, a la vez, incrementar algunas partidas existentes, todo a cargo del remanente l\u00edquido de tesorer\u00eda. La modificaci\u00f3n de cr\u00e9dito afecta las siguientes inversiones o servicios:<\/p>\n\n\n\n<p>\u2022<em>Reparar un tramo del colector de saneamiento en el Priorat de la Bisbal<\/em>, desde la parte alta de la calle Toledo hasta el <em>fondo<\/em> del torrente <em>d\u2019en <\/em>Many\u00e9, por un escape de aguas residuales. Se reparar\u00e1 a trav\u00e9s de un contrato menor de 17.422,49\u20ac (IVA incluido) a petici\u00f3n de la concejala de abastecimiento de agua potable y alcantarillado, Leo Uceda.<\/p>\n\n\n\n<p>El presupuesto 2021 no tiene ninguna partida de inversi\u00f3n en alcantarillado. Como que este escape ha surgido con posterioridad a la aprobaci\u00f3n del presupuesto de este a\u00f1o, se propone esta modificaci\u00f3n.<\/p>\n\n\n\n<p>\u2022<em>Cambiar las luminarias del campo de f\u00fatbol municipal por luminarias tipos LED<\/em> a petici\u00f3n de la concejala de Deportes y Medioambiente, Leo Uceda. Con el objetivo de mejorar la eficiencia energ\u00e9tica, reducir el consumo el\u00e9ctrico, cumplir con la normativa vigente, cumplir con el PAESC e incrementar la seguridad, y teniendo en cuenta el hist\u00f3rico de desperfectos relacionados con la iluminaci\u00f3n actual, se quiere hacer una inversi\u00f3n de 49.677,78\u20ac (IVA incluido) para cambiar la mencionada luminaria. En el presupuesto 2021 hay partida por cambio a LED de alumbrado p\u00fablico, pero no se contemplaba el campo de f\u00fatbol. Por este motivo se crea esta partida.<\/p>\n\n\n\n<p><em>\u2022Aportaci\u00f3n del Ayuntamiento de la Bisbal del Pened\u00e8s al Consell Comarcal del Baix Pened\u00e8s<\/em> <em>para la licitaci\u00f3n del servicio de residuos por el convenio de colaboraci\u00f3n y cooperaci\u00f3n mutua para culminar el tr\u00e1fico del actual sistema comarcal de recogida, tratamiento y eliminaci\u00f3n de residuos s\u00f3lidos urbanos <\/em>verso un nuevo modelo jur\u00eddicamente actualizado, econ\u00f3micamente sostenible y ecol\u00f3gicamente responsable. En el presupuesto 2021 no constaba esta partida porque en el momento de la aprobaci\u00f3n no estaba prevista. Esta aportaci\u00f3n es de 3.134,53\u20ac para hacer frente en el estudio y procedimiento de la licitaci\u00f3n comarcal de la cual formaremos parte.<\/p>\n\n\n\n<p>\u2022<em>Inversi\u00f3n en mejoras en el Punt Verd<\/em> a petici\u00f3n del regidora de Gesti\u00f3n de Residuos, F\u00e9lix Villaz\u00e1n. Se instalar\u00e1 un motor en la puerta de acceso, un equipo hidr\u00e1ulico para las autocompactadoras, un sistema de agua a presi\u00f3n para la limpieza y mantenimiento de la planta, se suministrar\u00e1n siete cajas abiertas, una b\u00e1scula de pasaje, un contenedor de aceite y la reforma de la caseta de recepci\u00f3n o de los vestuarios. Supondr\u00e1 un importe aproximado de 163.350 (IVA incluido). En el presupuesto 2021 no estaban previstas las mejoras en el Punt Verd.<\/p>\n\n\n\n<p>\u2022<em>Convenio de colaboraci\u00f3n con la C\u00e1mara de Comercio de Tarragona<\/em> para seguir desarrollando programas de dinamizaci\u00f3n y formaci\u00f3n para comercios, aut\u00f3nomos y productores, por un importe de 8.055\u20ac.<\/p>\n\n\n\n<p>\u201cTeniendo en cuenta el \u00e9xito de las dos acciones llevadas a cabo a finales de 2020 y el primer trimestre de 2021\u201d, la concejala de Comercio, Judith Vidal, ha propuesto continuar llevando a cabo acciones de dinamizaci\u00f3n comercial.<\/p>\n\n\n\n<p>Una vez aprobado, este acuerdo queda expuesto al p\u00fablico durante 15 d\u00edas.<\/p>\n\n\n\n<p><strong>Punto 7. Expediente 599\/2021. Dar cuenta del Plan de acci\u00f3n de las actuaciones de control interno del ejercicio 2020.<\/strong><\/p>\n\n\n\n<p>Se da cuenta del plan de acci\u00f3n que determina las medidas a adoptar para enmendar las debilidades, deficiencias, errores e incumplimientos que se ponen de manifiesto en el resumen del informe del cual se da cuenta en su punto 10 del orden del d\u00eda. Este Plan de acci\u00f3n se envi\u00f3 al Ministerio de Hacienda y a la Sindicatura de Cuentas, como marca la normativa, a finales de mayo.<\/p>\n\n\n\n<p><strong>Punto 8. Expediente 599\/2021. Dar cuenta del informe de morosidad anual 2020.<\/strong><\/p>\n\n\n\n<p>Se da cuenta del informe de morosidad anual 2020.<\/p>\n\n\n\n<p>Los pagos hechos dentro del periodo legal de pago el 2020, son por un importe de 513.474,08\u20ac y suponen un 75,85\u20ac del total de pagos.<\/p>\n\n\n\n<p>Los pagos hechos fuera del periodo legal de pago el 2020, son 160.495,52\u20ac, y suponen un 23,70% del total de pagos.<\/p>\n\n\n\n<p>Los pagos pendientes de abonar est\u00e1n dentro del periodo legal de pago, siendo de 2.988,19\u20ac y suponen un 0,44% del total de los pagos.<\/p>\n\n\n\n<p>Este informe se env\u00eda el 25 de mayo y este lunes se ha dado cuenta al Pleno.<\/p>\n\n\n\n<p><strong>Punto 9.Expediente 599\/2021. Dar cuenta del informe de control de los gastos pendientes de aplicar en el presupuesto 2020.<\/strong><\/p>\n\n\n\n<p>La disposici\u00f3n adicional tercera de la Ley 9\/2021, de 20 de diciembre, de Control de la deuda comercial del sector p\u00fablico enuncia que las entidades de las administraciones p\u00fablicas no sujetas a auditor\u00eda de cuentas tendr\u00e1n que efectuar anualmente los trabajos de control necesarios para, mediante t\u00e9cnicas de auditor\u00eda, verificar la existencia de obligaciones derivadas de gastos realizados o bienes y servicios recibidos por los cuales no se ha producido su imputaci\u00f3n presupuestaria. A finales de abril se realiz\u00f3 un informe y se envi\u00f3 al Ministerio de Hacienda y sindicatura de cuentas. Este lunes se ha dado cuenta al Pleno.<\/p>\n\n\n\n<p>La raz\u00f3n de la existencia de la cuenta 413 \u201cAcreedores por operaciones pendientes de aplicar en presupuesto (Creditors per operacions pendents d\u2019aplicar a pressupost)\u201d, que se define en el plan general contable como la cuenta acreedora que recoge las obligaciones derivadas de gastos realizados o bienes y servicios recibidos, para las que no se ha producido su aplicaci\u00f3n en el presupuesto, siendo procedente la misma, es dar cumplimiento al principio de meritaci\u00f3n. Seg\u00fan ha explicado la alcaldesa Agn\u00e8s Ferr\u00e9 \u201ces una partida \u2018de paso\u2019 donde a\u00f1adimos facturas que nos llegan los \u00faltimos d\u00edas del a\u00f1o y que, por lo tanto, no hemos tenido tiempo de hacer el procedimiento de aprobaci\u00f3n de facturas y posterior aprobaci\u00f3n de pago y lo regularizamos a principios de a\u00f1o\u201d. Ferr\u00e9 ha explicado que \u201ca comienzos del 2020 ten\u00edamos 72.511,19\u20ac en la cuenta 413, correspondientes a gastos del primer cobro del ejercicio 2019, al no disponer de suficiente cr\u00e9dito en la partida correspondiente. Es el importe que nos factura BASE por la gesti\u00f3n de los impuestos y tasas y que subi\u00f3 m\u00e1s del que ten\u00edamos presupuestado. Nos envi\u00f3 el pago a finales de a\u00f1o y, por este motivo, qued\u00f3 pendiente el 31 de diciembre de 2019 y se regulariz\u00f3 en el 2020\u201d. Ferr\u00e9 ha a\u00f1adido que \u201cEl saldo a 31 de diciembre de 2020 de gastos pendientes de aplicar en presupuesto era de 80.825,37\u20ac: 5.325,99\u20ac, correspondientes a un error en el programa inform\u00e1tico, que se ha corrido este a\u00f1o 2021; y el resto corresponden a facturas registradas el d\u00eda 31 de diciembre de 2020 y que no han podido seguir el tr\u00e1mite de aprobaci\u00f3n en el 2020 y que se efect\u00faa en el 2021\u201d.<\/p>\n\n\n\n<p><strong>Punto 10. Expediente 599\/2021. Dar cuenta del informe resumen de control interno del ejercicio 2020.<\/strong><\/p>\n\n\n\n<p>El control interno est\u00e1 regulado por el art\u00edculo 213 del Texto Refundido de la Ley reguladora de las Haciendas Locales y desarrollado en el Real Decreto 424\/2017, de 28 de abril, por el cual se regula el r\u00e9gimen jur\u00eddico del control interno en las entidades del sector p\u00fablico local. Es el que ejercen las entidades locales, respecto a su gesti\u00f3n econ\u00f3mica y, si es el caso, la de los organismos aut\u00f3nomos y de las sociedades mercantiles de ellas dependientes, en su triple aceptaci\u00f3n de funci\u00f3n interventora, control financiero y controles de eficacia y eficiencia.<\/p>\n\n\n\n<p>En el ejercicio 2020 no se aprob\u00f3 el Plan anual de control financiero. En consecuencia, no se han llevado a cabo actuaciones de control financiero posteriores mediante t\u00e9cnicas de muestreo. Por todo ello, este informe resumen se basa en la funci\u00f3n interventora, en actuaciones de comprobaci\u00f3n posterior (no enmarcadas en ning\u00fan documento de planificaci\u00f3n) y en las actuaciones de control permanente no planificables, es decir, las actuaciones que son atribuibles por el ordenamiento jur\u00eddico al \u00f3rgano interventor.<\/p>\n\n\n\n<p>El informe de control interno del 2020 se envi\u00f3 al Ministerio de Hacienda y a la sindicatura de cuentas en el mes de mayo y este lunes se ha dado cuenta de este en el Pleno, cumpliendo as\u00ed con la normativa.<\/p>\n\n\n\n<p>La alcaldesa ha destacado que:<\/p>\n\n\n\n<p>\u201chay 557.409,84\u20ac que suponen un 12,8% del presupuesto, correspondientes a gastos de servicios o adquisiciones que se han cumplido y pagado, pero que no han seguido la tramitaci\u00f3n fijada por la nueva ley de contrataci\u00f3n. No es un incumplimiento grave sin\u00f3 que es enmendable por la justificaci\u00f3n del gasto y porque se ha realizado el servicio o la compra. Son facturas del 2020 correspondientes a:<\/p>\n\n\n\n<p>-Suministro de alimentos para el Rebost Solidari: cuando hac\u00edan falta alimentos se compraban a los comercios locales, los cuales hac\u00edan llegar la factura correspondiente. Esto, que a nosotros nos parece l\u00f3gico, no es \u2018correcto\u2019 seg\u00fan la Ley de contrataci\u00f3n. Para este 2021 se aprueban anticipos para hacer el mismo pero cumpliendo con la normativa de contrataci\u00f3n.<\/p>\n\n\n\n<p>-Suministro de una plataforma administrativa para la gesti\u00f3n de expedientes y seguimiento de la administraci\u00f3n electr\u00f3nico. Gestiona es el gestor que se utiliza en el Ayuntamiento y que se contrat\u00f3 el 2013 sin licitar. Estamos pendientes de adherirnos al Consell Comarcal del Baix Pened\u00e8s.<\/p>\n\n\n\n<p>-Suministro de material de oficina, exceptuando el papel. Hasta ahora se compraba el material de oficina directamente a comercios y, tambi\u00e9n parece que sea correcto, pero no porque seg\u00fan la normativa se tiene que licitar. A partir de ahora se adquirir\u00e1 a trav\u00e9s de la adhesi\u00f3n que hemos aprobado hoy con la Generalitat.<\/p>\n\n\n\n<p>-Suministro de material utilizado por la brigada municipal por mantenimiento de edificios, parques, v\u00edas p\u00fablicas, alumbrado p\u00fablico. Se compraba directamente cuando hac\u00eda falta y ahora se adquirir\u00e1 a trav\u00e9s de las dos plataformas a las cuales estamos adheridos, la ACM y la Generalitat.<\/p>\n\n\n\n<p>-Reparaciones de los veh\u00edculos municipales: no se puede licitar el servicio porque no podemos saber cuando hay aver\u00edas y para nosotros tiene sentido que los veh\u00edculos se lleven al mec\u00e1nico del municipio, pero como acostumbra a pasar, las leyes no acostumbran a tener en cuenta los municipios peque\u00f1os ni sus realidades.<\/p>\n\n\n\n<p>-Servicio de podolog\u00eda: desde antes del 2015 que no se cumple con la normativa y se licitar\u00e1 pronto.<\/p>\n\n\n\n<p>-Servicio de clases de actividades deportivas como zumba, pilates y otros, se realizan a trav\u00e9s de convenio con el Consell Esportiu del Baix Pened\u00e8s. Antes del 2015 no se cumpl\u00eda con la normativa porque se contrataba a trav\u00e9s de servicio de monitorizaci\u00f3n. A partir del 2015 se hizo convenio con el Consell Esportiu, pero tambi\u00e9n hay que licitarlo<\/p>\n\n\n\n<p>-Edici\u00f3n e impresi\u00f3n de la revista \u00abTorre de Guaita\u00bb. Pendiente de licitaci\u00f3n.<\/p>\n\n\n\n<p>-Suministro de carburantes y gas\u00f3leo para calefacci\u00f3n de las escuelas y para los veh\u00edculos municipales. El gas\u00f3leo de calefacci\u00f3n se har\u00e1 a trav\u00e9s de la adhesi\u00f3n de compras de la Generalitat. El caso del carburante para veh\u00edculos el problema es hasta ahora se hac\u00eda con la tarjeta Solred y la normativa de los ayuntamientos no admite domiciliaciones. Este 2021 lo que se hace son anticipos para que los operarios municipales puedan pagar y despu\u00e9s justificarlo.<\/p>\n\n\n\n<p>&#8211; Servicios jur\u00eddicos y trabajos t\u00e9cnicos; resuelto desde mitades del a\u00f1o pasado porque nos adherimos a este servicio licitado desde el Consell Comarcal del Baix Pened\u00e8s.<\/p>\n\n\n\n<p>&#8211; Equipos de impresi\u00f3n y multifunci\u00f3n: resuelto este 2021<\/p>\n\n\n\n<p>El saldo a 31 de diciembre de 2020 de gastos pendientes de aplicar en el presupuesto era de 80.825,37\u20ac: 5.325,99\u20ac, correspondientes a un error en el programa inform\u00e1tico, que se ha corrido a este a\u00f1o 2021; y el resto corresponden a facturas registradas el d\u00eda 31 de diciembre de 2020 y que no han podido seguir el tr\u00e1mite de aprobaci\u00f3n el 2020 y que se efect\u00faa el 2021\u201d.<\/p>\n\n\n\n<p><strong>Punto 11. Expediente 702\/2021. Dar cuenta del informe de ejecuci\u00f3n del presupuesto del primer trimestre de 2021.<\/strong><\/p>\n\n\n\n<p>Se da cuenta al Pleno del informe de ejecuci\u00f3n del presupuesto del primer trimestre de 2021. Se ha cumplido con la obligaci\u00f3n de remisi\u00f3n telem\u00e1tica de la informaci\u00f3n requerida, dentro de los plazos establecidos, puesto que se envi\u00f3 al Ministerio de Hacienda (MINHAP) el 28 de abril.<\/p>\n\n\n\n<p><strong>Punto 12. Expediente 703\/2021. Dar cuenta del periodo medio de pago del primer trimestre del 2021.<\/strong><\/p>\n\n\n\n<p>El periodo medio de pago a proveedores del 1.\u00ba trimestre de 2021 es de 15,78 d\u00edas. Como el m\u00e1ximo permitido es de 30 d\u00edas, se cumple con el periodo medio de pago a proveedores legalmente previsto.<\/p>\n\n\n\n<p><strong>Punto 13. Expediente 1932\/2020. Dar cuenta del Plan anual del control financiero del 2021.<\/strong><\/p>\n\n\n\n<p>Se da cuenta de Plan anual del control financiero del 2021, que se elabora bas\u00e1ndose en un an\u00e1lisis de riesgos consistente con los objetivos que se pretenden conseguir, las prioridades establecidas para cada ejercicio y los medios disponibles.<\/p>\n\n\n\n<p>El control financiero tiene por objeto verificar el funcionamiento de los servicios del sector p\u00fablico local en el aspecto econ\u00f3mico financiero para comprobar el cumplimiento de la normativa y directrices que se rigen y, en general, que su gesti\u00f3n se ajusta a los principios p\u00fablicos se encuentra orientada por la eficacia, la eficiencia, la econom\u00eda, la calidad y la transparencia, y por los principios de estabilidad presupuestaria y sostenibilidad financiera en el uso de los recursos p\u00fablicos locales. El control financiero se llevar\u00e1 a cabo a trav\u00e9s de las modalidades de control permanente y la auditor\u00eda p\u00fablica, incluyendo en ambas el control de eficacia referido en el art\u00edculo 213 del texto refundido de la Ley Reguladora de las Haciendas Locales.<\/p>\n\n\n\n<p><strong>Ruegos y Preguntas.<\/strong><\/p>\n\n\n\n<figure class=\"wp-block-image size-large\"><img loading=\"lazy\" width=\"1024\" height=\"683\" src=\"https:\/\/bisbalpenedes.com\/web\/wp-content\/uploads\/2021\/06\/FOTO-1-PLE-210621-1024x683.jpg\" alt=\"\" class=\"wp-image-18265\" srcset=\"https:\/\/bisbalpenedes.com\/web\/wp-content\/uploads\/2021\/06\/FOTO-1-PLE-210621-1024x683.jpg 1024w, https:\/\/bisbalpenedes.com\/web\/wp-content\/uploads\/2021\/06\/FOTO-1-PLE-210621-600x400.jpg 600w, https:\/\/bisbalpenedes.com\/web\/wp-content\/uploads\/2021\/06\/FOTO-1-PLE-210621-300x200.jpg 300w, https:\/\/bisbalpenedes.com\/web\/wp-content\/uploads\/2021\/06\/FOTO-1-PLE-210621-768x512.jpg 768w, https:\/\/bisbalpenedes.com\/web\/wp-content\/uploads\/2021\/06\/FOTO-1-PLE-210621-1536x1024.jpg 1536w, https:\/\/bisbalpenedes.com\/web\/wp-content\/uploads\/2021\/06\/FOTO-1-PLE-210621-2048x1365.jpg 2048w\" sizes=\"(max-width: 1024px) 100vw, 1024px\" \/><\/figure>\n","protected":false},"excerpt":{"rendered":"<p>Aquest dilluns 21 de juny, a les 19h, ha tingut lloc el Ple ordinari de l\u2019Ajuntament de la Bisbal del Pened\u00e8s corresponent a aquest trimestre. El Ple s\u2019ha celebrat de &hellip; <a href=\"https:\/\/bisbalpenedes.com\/web\/2021\/06\/23\/aquest-dilluns-21-de-juny-ha-tingut-lloc-un-ple-ordinari-a-lajuntament-de-la-bisbal-del-penedes\/\" class=\"more-link\">Read More<\/a><\/p>\n","protected":false},"author":4,"featured_media":18266,"comment_status":"closed","ping_status":"closed","sticky":false,"template":"","format":"standard","meta":[],"categories":[8,2250],"tags":[4614,1672,1897,2166,2168,249,515],"_links":{"self":[{"href":"https:\/\/bisbalpenedes.com\/web\/wp-json\/wp\/v2\/posts\/18264"}],"collection":[{"href":"https:\/\/bisbalpenedes.com\/web\/wp-json\/wp\/v2\/posts"}],"about":[{"href":"https:\/\/bisbalpenedes.com\/web\/wp-json\/wp\/v2\/types\/post"}],"author":[{"embeddable":true,"href":"https:\/\/bisbalpenedes.com\/web\/wp-json\/wp\/v2\/users\/4"}],"replies":[{"embeddable":true,"href":"https:\/\/bisbalpenedes.com\/web\/wp-json\/wp\/v2\/comments?post=18264"}],"version-history":[{"count":3,"href":"https:\/\/bisbalpenedes.com\/web\/wp-json\/wp\/v2\/posts\/18264\/revisions"}],"predecessor-version":[{"id":18372,"href":"https:\/\/bisbalpenedes.com\/web\/wp-json\/wp\/v2\/posts\/18264\/revisions\/18372"}],"wp:featuredmedia":[{"embeddable":true,"href":"https:\/\/bisbalpenedes.com\/web\/wp-json\/wp\/v2\/media\/18266"}],"wp:attachment":[{"href":"https:\/\/bisbalpenedes.com\/web\/wp-json\/wp\/v2\/media?parent=18264"}],"wp:term":[{"taxonomy":"category","embeddable":true,"href":"https:\/\/bisbalpenedes.com\/web\/wp-json\/wp\/v2\/categories?post=18264"},{"taxonomy":"post_tag","embeddable":true,"href":"https:\/\/bisbalpenedes.com\/web\/wp-json\/wp\/v2\/tags?post=18264"}],"curies":[{"name":"wp","href":"https:\/\/api.w.org\/{rel}","templated":true}]}}