{"id":18257,"date":"2021-06-22T19:55:39","date_gmt":"2021-06-22T17:55:39","guid":{"rendered":"https:\/\/bisbalpenedes.com\/web\/?p=18257"},"modified":"2021-06-22T19:55:39","modified_gmt":"2021-06-22T17:55:39","slug":"aquest-any-mes-que-mai-fem-una-festa-segura-revetlla-segura","status":"publish","type":"post","link":"https:\/\/bisbalpenedes.com\/web\/2021\/06\/22\/aquest-any-mes-que-mai-fem-una-festa-segura-revetlla-segura\/","title":{"rendered":"Aquest any, m\u00e9s que mai, fem una festa segura: REVETLLA SEGURA"},"content":{"rendered":"\n<p>Com cada any, quan s&#8217;acosta Sant Joan i les celebracions d&#8217;estiu, compartim amb vosaltres diverses recomanacions per gaudir de les revetlles amb precauci\u00f3.Recordeu que enguany cal tenir en compte la normativa i les recomanacions espec\u00edfiques per la COVID-19.<\/p>\n\n\n\n<hr class=\"wp-block-separator is-style-wide\"\/>\n\n\n\n<p>Como cada a\u00f1o, cuando se acerca San Juan y las celebraciones de verano, compartimos con vosotros varias recomendaciones para disfrutar de las verbenas con precauci\u00f3n.Recordad que este a\u00f1o hay que tener en cuenta la normativa y las recomendaciones espec\u00edficas por la COVID-19.<\/p>\n","protected":false},"excerpt":{"rendered":"<p>Com cada any, quan s&#8217;acosta Sant Joan i les celebracions d&#8217;estiu, compartim amb vosaltres diverses recomanacions per gaudir de les revetlles amb precauci\u00f3.Recordeu que enguany cal tenir en compte la &hellip; <a href=\"https:\/\/bisbalpenedes.com\/web\/2021\/06\/22\/aquest-any-mes-que-mai-fem-una-festa-segura-revetlla-segura\/\" class=\"more-link\">Read More<\/a><\/p>\n","protected":false},"author":4,"featured_media":18258,"comment_status":"closed","ping_status":"closed","sticky":false,"template":"","format":"standard","meta":[],"categories":[1628,3636,4095,1042,8],"tags":[551,4611,4096,555,4612,556,1982,3905,537],"_links":{"self":[{"href":"https:\/\/bisbalpenedes.com\/web\/wp-json\/wp\/v2\/posts\/18257"}],"collection":[{"href":"https:\/\/bisbalpenedes.com\/web\/wp-json\/wp\/v2\/posts"}],"about":[{"href":"https:\/\/bisbalpenedes.com\/web\/wp-json\/wp\/v2\/types\/post"}],"author":[{"embeddable":true,"href":"https:\/\/bisbalpenedes.com\/web\/wp-json\/wp\/v2\/users\/4"}],"replies":[{"embeddable":true,"href":"https:\/\/bisbalpenedes.com\/web\/wp-json\/wp\/v2\/comments?post=18257"}],"version-history":[{"count":1,"href":"https:\/\/bisbalpenedes.com\/web\/wp-json\/wp\/v2\/posts\/18257\/revisions"}],"predecessor-version":[{"id":18259,"href":"https:\/\/bisbalpenedes.com\/web\/wp-json\/wp\/v2\/posts\/18257\/revisions\/18259"}],"wp:featuredmedia":[{"embeddable":true,"href":"https:\/\/bisbalpenedes.com\/web\/wp-json\/wp\/v2\/media\/18258"}],"wp:attachment":[{"href":"https:\/\/bisbalpenedes.com\/web\/wp-json\/wp\/v2\/media?parent=18257"}],"wp:term":[{"taxonomy":"category","embeddable":true,"href":"https:\/\/bisbalpenedes.com\/web\/wp-json\/wp\/v2\/categories?post=18257"},{"taxonomy":"post_tag","embeddable":true,"href":"https:\/\/bisbalpenedes.com\/web\/wp-json\/wp\/v2\/tags?post=18257"}],"curies":[{"name":"wp","href":"https:\/\/api.w.org\/{rel}","templated":true}]}}