{"id":18252,"date":"2021-06-22T19:21:41","date_gmt":"2021-06-22T17:21:41","guid":{"rendered":"https:\/\/bisbalpenedes.com\/web\/?p=18252"},"modified":"2021-06-29T13:02:10","modified_gmt":"2021-06-29T11:02:10","slug":"la-piscina-municipal-obrira-de-l1-de-juliol-al-29-dagost-amb-limitacions-dacces-i-aforament","status":"publish","type":"post","link":"https:\/\/bisbalpenedes.com\/web\/2021\/06\/22\/la-piscina-municipal-obrira-de-l1-de-juliol-al-29-dagost-amb-limitacions-dacces-i-aforament\/","title":{"rendered":"La piscina municipal obrir\u00e0 de l&#8217;1 de juliol al 29 d&#8217;agost amb limitacions d&#8217;acc\u00e9s i aforament"},"content":{"rendered":"\n<p>La piscina municipal torna a obrir aquest estiu! De l\u20191 de juliol al 29 d\u2019agost podeu tornar a gaudir de la piscina municipal, d\u201911 del mat\u00ed a 8 de la tarda.<\/p>\n\n\n\n<ul><li>Hi haur\u00e0 limitacions d\u2019acc\u00e9s i d\u2019aforament per assegurar el compliment de les mesures per la COVID-19.<\/li><li>La zona de p\u00edcnic romandr\u00e0 tancada\/No hi haur\u00e0 hamaques\/Els vestuaris estaran tancats.<\/li><\/ul>\n\n\n\n<p>Per a m\u00e9s informaci\u00f3 us podeu adre\u00e7ar a les oficines municipals o trucar al tel\u00e8fon 977 688 438<\/p>\n\n\n\n<hr class=\"wp-block-separator is-style-wide\"\/>\n\n\n\n<p>La piscina municipal vuelve a abrir este verano! Del 1 de julio al 29 de agosto podr\u00e9is volver a disfrutar de la piscina municipal, de 11 de la ma\u00f1ana a 8 de la tarde, con las limitaciones de acceso y aforo que hay que tener en cuenta por la COVID-19.<\/p>\n\n\n\n<ul><li>Habr\u00e1 limitaciones de acceso y aforo para asegurar el cumplimiento de las medidas por la COVID-19.<\/li><li>La zona de p\u00edcnic estar\u00e1 cerrada\/No habr\u00e1 hamacas\/Los vestuarios estar\u00e1n cerrados.<\/li><\/ul>\n\n\n\n<p>Para m\u00e1s informaci\u00f3n os pod\u00e9is dirigir a las oficinas municipales o llamar al tel\u00e9fono 977 688 438<\/p>\n\n\n\n<figure class=\"wp-block-image size-large\"><img loading=\"lazy\" width=\"723\" height=\"1024\" src=\"https:\/\/bisbalpenedes.com\/web\/wp-content\/uploads\/2021\/06\/CUIDEM-NOS-PISCINA-723x1024.jpg\" alt=\"\" class=\"wp-image-18331\" srcset=\"https:\/\/bisbalpenedes.com\/web\/wp-content\/uploads\/2021\/06\/CUIDEM-NOS-PISCINA-723x1024.jpg 723w, https:\/\/bisbalpenedes.com\/web\/wp-content\/uploads\/2021\/06\/CUIDEM-NOS-PISCINA-600x849.jpg 600w, https:\/\/bisbalpenedes.com\/web\/wp-content\/uploads\/2021\/06\/CUIDEM-NOS-PISCINA-212x300.jpg 212w, https:\/\/bisbalpenedes.com\/web\/wp-content\/uploads\/2021\/06\/CUIDEM-NOS-PISCINA-768x1087.jpg 768w, https:\/\/bisbalpenedes.com\/web\/wp-content\/uploads\/2021\/06\/CUIDEM-NOS-PISCINA-1085x1536.jpg 1085w, https:\/\/bisbalpenedes.com\/web\/wp-content\/uploads\/2021\/06\/CUIDEM-NOS-PISCINA-1447x2048.jpg 1447w, https:\/\/bisbalpenedes.com\/web\/wp-content\/uploads\/2021\/06\/CUIDEM-NOS-PISCINA.jpg 1754w\" sizes=\"(max-width: 723px) 100vw, 723px\" \/><\/figure>\n","protected":false},"excerpt":{"rendered":"<p>La piscina municipal torna a obrir aquest estiu! De l\u20191 de juliol al 29 d\u2019agost podeu tornar a gaudir de la piscina municipal, d\u201911 del mat\u00ed a 8 de la &hellip; <a href=\"https:\/\/bisbalpenedes.com\/web\/2021\/06\/22\/la-piscina-municipal-obrira-de-l1-de-juliol-al-29-dagost-amb-limitacions-dacces-i-aforament\/\" class=\"more-link\">Read More<\/a><\/p>\n","protected":false},"author":4,"featured_media":18253,"comment_status":"closed","ping_status":"closed","sticky":false,"template":"","format":"standard","meta":[],"categories":[19,8],"tags":[4609,3559,393,74,266],"_links":{"self":[{"href":"https:\/\/bisbalpenedes.com\/web\/wp-json\/wp\/v2\/posts\/18252"}],"collection":[{"href":"https:\/\/bisbalpenedes.com\/web\/wp-json\/wp\/v2\/posts"}],"about":[{"href":"https:\/\/bisbalpenedes.com\/web\/wp-json\/wp\/v2\/types\/post"}],"author":[{"embeddable":true,"href":"https:\/\/bisbalpenedes.com\/web\/wp-json\/wp\/v2\/users\/4"}],"replies":[{"embeddable":true,"href":"https:\/\/bisbalpenedes.com\/web\/wp-json\/wp\/v2\/comments?post=18252"}],"version-history":[{"count":4,"href":"https:\/\/bisbalpenedes.com\/web\/wp-json\/wp\/v2\/posts\/18252\/revisions"}],"predecessor-version":[{"id":18333,"href":"https:\/\/bisbalpenedes.com\/web\/wp-json\/wp\/v2\/posts\/18252\/revisions\/18333"}],"wp:featuredmedia":[{"embeddable":true,"href":"https:\/\/bisbalpenedes.com\/web\/wp-json\/wp\/v2\/media\/18253"}],"wp:attachment":[{"href":"https:\/\/bisbalpenedes.com\/web\/wp-json\/wp\/v2\/media?parent=18252"}],"wp:term":[{"taxonomy":"category","embeddable":true,"href":"https:\/\/bisbalpenedes.com\/web\/wp-json\/wp\/v2\/categories?post=18252"},{"taxonomy":"post_tag","embeddable":true,"href":"https:\/\/bisbalpenedes.com\/web\/wp-json\/wp\/v2\/tags?post=18252"}],"curies":[{"name":"wp","href":"https:\/\/api.w.org\/{rel}","templated":true}]}}