{"id":18217,"date":"2021-06-21T11:13:54","date_gmt":"2021-06-21T09:13:54","guid":{"rendered":"https:\/\/bisbalpenedes.com\/web\/?p=18217"},"modified":"2021-06-21T11:13:54","modified_gmt":"2021-06-21T09:13:54","slug":"tradicio-i-poesia-una-proposta-del-cor-zongora-amb-les-noies-de-lemmpac-el-3-de-juliol-a-les-20h","status":"publish","type":"post","link":"https:\/\/bisbalpenedes.com\/web\/2021\/06\/21\/tradicio-i-poesia-una-proposta-del-cor-zongora-amb-les-noies-de-lemmpac-el-3-de-juliol-a-les-20h\/","title":{"rendered":"&#8220;Tradici\u00f3 i poesia&#8221; una proposta del Cor Z\u00f3ngora amb les noies de l&#8217;EMMPAC, el 3 de juliol a les 20h"},"content":{"rendered":"\n<p>La Societat Cultural i Recreativa Bisbalenca acollir\u00e0, el proper dissabte 3 de juliol a les 20h, la proposta del Cor Z\u00f3ngora &#8220;Tradici\u00f3 i poesia&#8221;, un espectacle que marida poemes i can\u00e7ons de la m\u00e0 del cor de noies de l&#8217;EMMPAC. <\/p>\n\n\n\n<p>Preu socis\/es entitat: 5\u20ac<\/p>\n\n\n\n<p>Preu p\u00fablic general: 10\u20ac<\/p>\n\n\n\n<p>Venda d&#8217;entrades: a la consergeria de la Societat o al correu electr\u00f2nic: lasocietat@gmail.com<\/p>\n\n\n\n<hr class=\"wp-block-separator is-style-wide\"\/>\n\n\n\n<p>La Societat Cultural i Recreativa Bisbalenca acoger\u00e1, el pr\u00f3ximo s\u00e1bado 3 de julio a las 20h, la propuesta del Cor Z\u00f3ngora &#8220;Tradici\u00f3 i poesia&#8221;, un espect\u00e1culo que marida poemas y canciones de la mano del coro de chicas del EMMPAC.<\/p>\n\n\n\n<p>Precio socios\/as entidad: 5\u20ac<\/p>\n\n\n\n<p>Precio p\u00fablico general: 10\u20ac<\/p>\n\n\n\n<p>Venta de entradas: en la conserger\u00eda de la Societat o en el correo electr\u00f3nico: lasocietat@gmail.com<\/p>\n","protected":false},"excerpt":{"rendered":"<p>La Societat Cultural i Recreativa Bisbalenca acollir\u00e0, el proper dissabte 3 de juliol a les 20h, la proposta del Cor Z\u00f3ngora &#8220;Tradici\u00f3 i poesia&#8221;, un espectacle que marida poemes i &hellip; <a href=\"https:\/\/bisbalpenedes.com\/web\/2021\/06\/21\/tradicio-i-poesia-una-proposta-del-cor-zongora-amb-les-noies-de-lemmpac-el-3-de-juliol-a-les-20h\/\" class=\"more-link\">Read More<\/a><\/p>\n","protected":false},"author":4,"featured_media":18214,"comment_status":"closed","ping_status":"closed","sticky":false,"template":"","format":"standard","meta":[],"categories":[2942,13,8],"tags":[230,4604,225,4605,393,2776,4603],"_links":{"self":[{"href":"https:\/\/bisbalpenedes.com\/web\/wp-json\/wp\/v2\/posts\/18217"}],"collection":[{"href":"https:\/\/bisbalpenedes.com\/web\/wp-json\/wp\/v2\/posts"}],"about":[{"href":"https:\/\/bisbalpenedes.com\/web\/wp-json\/wp\/v2\/types\/post"}],"author":[{"embeddable":true,"href":"https:\/\/bisbalpenedes.com\/web\/wp-json\/wp\/v2\/users\/4"}],"replies":[{"embeddable":true,"href":"https:\/\/bisbalpenedes.com\/web\/wp-json\/wp\/v2\/comments?post=18217"}],"version-history":[{"count":1,"href":"https:\/\/bisbalpenedes.com\/web\/wp-json\/wp\/v2\/posts\/18217\/revisions"}],"predecessor-version":[{"id":18218,"href":"https:\/\/bisbalpenedes.com\/web\/wp-json\/wp\/v2\/posts\/18217\/revisions\/18218"}],"wp:featuredmedia":[{"embeddable":true,"href":"https:\/\/bisbalpenedes.com\/web\/wp-json\/wp\/v2\/media\/18214"}],"wp:attachment":[{"href":"https:\/\/bisbalpenedes.com\/web\/wp-json\/wp\/v2\/media?parent=18217"}],"wp:term":[{"taxonomy":"category","embeddable":true,"href":"https:\/\/bisbalpenedes.com\/web\/wp-json\/wp\/v2\/categories?post=18217"},{"taxonomy":"post_tag","embeddable":true,"href":"https:\/\/bisbalpenedes.com\/web\/wp-json\/wp\/v2\/tags?post=18217"}],"curies":[{"name":"wp","href":"https:\/\/api.w.org\/{rel}","templated":true}]}}