{"id":18211,"date":"2021-06-21T10:27:08","date_gmt":"2021-06-21T08:27:08","guid":{"rendered":"https:\/\/bisbalpenedes.com\/web\/?p=18211"},"modified":"2021-06-21T10:27:08","modified_gmt":"2021-06-21T08:27:08","slug":"la-nova-entitat-cercle-poetic-bisbalenc-fa-la-seva-1a-trobada-aquest-dimecres-23-de-juny-a-les-1830h-a-la-biblioteca","status":"publish","type":"post","link":"https:\/\/bisbalpenedes.com\/web\/2021\/06\/21\/la-nova-entitat-cercle-poetic-bisbalenc-fa-la-seva-1a-trobada-aquest-dimecres-23-de-juny-a-les-1830h-a-la-biblioteca\/","title":{"rendered":"La nova entitat &#8216;Cercle Po\u00e8tic Bisbalenc&#8217; fa la seva 1a trobada aquest dimecres 23 de juny a les 18:30h a la Biblioteca"},"content":{"rendered":"\n<p>La nova entitat &#8216;Cercle Po\u00e8tic Bisbalenc&#8217; fa la seva primera trobada aquest dimecres 23 de juny, a les 18:30h, a la Biblioteca p\u00fablica de la Bisbal del Pened\u00e8s. La regidora de Cultura, Judith Vidal, ha explicat que &#8220;estem contents que a la Bisbal tinguem noves entitats amb moltes ganes de fer coses. Som un poble molt actiu en aquest sentit i el fet que neixin noves entitats demostra que tenim un teixit social amb moltes inquietuds&#8221;. La regidora us anima a participar en l&#8217;acte que tindr\u00e0 lloc el proper dimecres.<\/p>\n\n\n\n<hr class=\"wp-block-separator is-style-wide\"\/>\n\n\n\n<p>La nueva entidad &#8216;Cercle Po\u00e8tic Bisbalenc&#8217; hace su primera reuni\u00f3n este mi\u00e9rcoles 23 de junio, a las 18:30h, en la Biblioteca p\u00fablica de la Bisbal del Pened\u00e8s.La concejala de Cultura, Judith Vidal, ha explicado que &#8220;estamos contentos de que en la Bisbal tengamos nuevas entidades con muchas ganas de hacer cosas. Somos un pueblo muy activo en este sentido y el hecho de que nazcan nuevas entidades demuestra que tenemos un tejido social con muchas inquietudes&#8221;. La concejala os anima a participar en el acto que tendr\u00e1 lugar el pr\u00f3ximo mi\u00e9rcoles<\/p>\n","protected":false},"excerpt":{"rendered":"<p>La nova entitat &#8216;Cercle Po\u00e8tic Bisbalenc&#8217; fa la seva primera trobada aquest dimecres 23 de juny, a les 18:30h, a la Biblioteca p\u00fablica de la Bisbal del Pened\u00e8s. La regidora &hellip; <a href=\"https:\/\/bisbalpenedes.com\/web\/2021\/06\/21\/la-nova-entitat-cercle-poetic-bisbalenc-fa-la-seva-1a-trobada-aquest-dimecres-23-de-juny-a-les-1830h-a-la-biblioteca\/\" class=\"more-link\">Read More<\/a><\/p>\n","protected":false},"author":4,"featured_media":18212,"comment_status":"closed","ping_status":"closed","sticky":false,"template":"","format":"standard","meta":[],"categories":[2942,2478,13,20,8],"tags":[4462,342,537],"_links":{"self":[{"href":"https:\/\/bisbalpenedes.com\/web\/wp-json\/wp\/v2\/posts\/18211"}],"collection":[{"href":"https:\/\/bisbalpenedes.com\/web\/wp-json\/wp\/v2\/posts"}],"about":[{"href":"https:\/\/bisbalpenedes.com\/web\/wp-json\/wp\/v2\/types\/post"}],"author":[{"embeddable":true,"href":"https:\/\/bisbalpenedes.com\/web\/wp-json\/wp\/v2\/users\/4"}],"replies":[{"embeddable":true,"href":"https:\/\/bisbalpenedes.com\/web\/wp-json\/wp\/v2\/comments?post=18211"}],"version-history":[{"count":1,"href":"https:\/\/bisbalpenedes.com\/web\/wp-json\/wp\/v2\/posts\/18211\/revisions"}],"predecessor-version":[{"id":18213,"href":"https:\/\/bisbalpenedes.com\/web\/wp-json\/wp\/v2\/posts\/18211\/revisions\/18213"}],"wp:featuredmedia":[{"embeddable":true,"href":"https:\/\/bisbalpenedes.com\/web\/wp-json\/wp\/v2\/media\/18212"}],"wp:attachment":[{"href":"https:\/\/bisbalpenedes.com\/web\/wp-json\/wp\/v2\/media?parent=18211"}],"wp:term":[{"taxonomy":"category","embeddable":true,"href":"https:\/\/bisbalpenedes.com\/web\/wp-json\/wp\/v2\/categories?post=18211"},{"taxonomy":"post_tag","embeddable":true,"href":"https:\/\/bisbalpenedes.com\/web\/wp-json\/wp\/v2\/tags?post=18211"}],"curies":[{"name":"wp","href":"https:\/\/api.w.org\/{rel}","templated":true}]}}