{"id":18187,"date":"2021-06-17T12:46:26","date_gmt":"2021-06-17T10:46:26","guid":{"rendered":"https:\/\/bisbalpenedes.com\/web\/?p=18187"},"modified":"2021-06-17T12:46:26","modified_gmt":"2021-06-17T10:46:26","slug":"del-21-al-25-de-juny-podeu-participar-en-un-nou-taller-treballant-en-digital-adrecat-a-persones-de-totes-les-edats-i-professions","status":"publish","type":"post","link":"https:\/\/bisbalpenedes.com\/web\/2021\/06\/17\/del-21-al-25-de-juny-podeu-participar-en-un-nou-taller-treballant-en-digital-adrecat-a-persones-de-totes-les-edats-i-professions\/","title":{"rendered":"Del 21 al 25 de juny podeu participar en un nou taller &#8216;Treballant en digital&#8217; adre\u00e7at a persones de totes les edats i professions"},"content":{"rendered":"\n<p>Durant aquest any 2021 es duen a terme 7 edicions dels tallers \u2018Treballant en digital\u2019, quatre d\u2019elles a La Bisbal del Pened\u00e8s. L\u2019objectiu d\u2019aquests tallers \u00e9s con\u00e8ixer l\u2019entorn digital per proporcionar autonomia i empoderar en els processos de la vida quotidiana, dotant d\u2019eines que milloraran la recerca de feina. En pocs dies comen\u00e7a el segon, que es dur\u00e0 a terme del 21 al 25 de juny. Per participar-hi cal que disposeu d\u2019un\u00a0<em>smartphone<\/em>\u00a0i d\u2019uns auriculars d\u2019\u00fas individual.<\/p>\n\n\n\n<p>Podeu fer les vostres inscripcions a&nbsp;<a rel=\"noreferrer noopener\" href=\"https:\/\/bisbalpenedes.com\/web\/formacio\/\" target=\"_blank\">https:\/\/bisbalpenedes.com\/web\/formacio\/<\/a><\/p>\n\n\n\n<hr class=\"wp-block-separator\"\/>\n\n\n\n<p>Durante este a\u00f1o 2021 se llevan a cabo 7 ediciones de los talleres \u201cTrabajando en digital\u2019, cuatro de ellas en La Bisbal del Pened\u00e8s. El objetivo de estos talleres es conocer el entorno digital para proporcionar autonom\u00eda y empoderar en los procesos de la vida cotidiana, dotando de herramientas que mejorar\u00e1n la b\u00fasqueda de trabajo. En pocos d\u00edas empieza el segundo, que se llevar\u00e1 a cabo del 21 al 25 de junio. Para participar en los talleres es necesario disponer de un\u00a0<em>smartphone\u00a0<\/em>y de unos auriculares de uso individual.<\/p>\n\n\n\n<p>Pod\u00e9is hacer vuestras inscripciones en&nbsp;<a href=\"https:\/\/bisbalpenedes.com\/web\/formacio\/\" target=\"_blank\" rel=\"noreferrer noopener\">https:\/\/bisbalpenedes.com\/web\/formacio\/<\/a><\/p>\n","protected":false},"excerpt":{"rendered":"<p>Durant aquest any 2021 es duen a terme 7 edicions dels tallers \u2018Treballant en digital\u2019, quatre d\u2019elles a La Bisbal del Pened\u00e8s. L\u2019objectiu d\u2019aquests tallers \u00e9s con\u00e8ixer l\u2019entorn digital per &hellip; <a href=\"https:\/\/bisbalpenedes.com\/web\/2021\/06\/17\/del-21-al-25-de-juny-podeu-participar-en-un-nou-taller-treballant-en-digital-adrecat-a-persones-de-totes-les-edats-i-professions\/\" class=\"more-link\">Read More<\/a><\/p>\n","protected":false},"author":4,"featured_media":17650,"comment_status":"closed","ping_status":"closed","sticky":false,"template":"","format":"standard","meta":[],"categories":[8,9],"tags":[4595,12,393,271,508,4499],"_links":{"self":[{"href":"https:\/\/bisbalpenedes.com\/web\/wp-json\/wp\/v2\/posts\/18187"}],"collection":[{"href":"https:\/\/bisbalpenedes.com\/web\/wp-json\/wp\/v2\/posts"}],"about":[{"href":"https:\/\/bisbalpenedes.com\/web\/wp-json\/wp\/v2\/types\/post"}],"author":[{"embeddable":true,"href":"https:\/\/bisbalpenedes.com\/web\/wp-json\/wp\/v2\/users\/4"}],"replies":[{"embeddable":true,"href":"https:\/\/bisbalpenedes.com\/web\/wp-json\/wp\/v2\/comments?post=18187"}],"version-history":[{"count":1,"href":"https:\/\/bisbalpenedes.com\/web\/wp-json\/wp\/v2\/posts\/18187\/revisions"}],"predecessor-version":[{"id":18189,"href":"https:\/\/bisbalpenedes.com\/web\/wp-json\/wp\/v2\/posts\/18187\/revisions\/18189"}],"wp:featuredmedia":[{"embeddable":true,"href":"https:\/\/bisbalpenedes.com\/web\/wp-json\/wp\/v2\/media\/17650"}],"wp:attachment":[{"href":"https:\/\/bisbalpenedes.com\/web\/wp-json\/wp\/v2\/media?parent=18187"}],"wp:term":[{"taxonomy":"category","embeddable":true,"href":"https:\/\/bisbalpenedes.com\/web\/wp-json\/wp\/v2\/categories?post=18187"},{"taxonomy":"post_tag","embeddable":true,"href":"https:\/\/bisbalpenedes.com\/web\/wp-json\/wp\/v2\/tags?post=18187"}],"curies":[{"name":"wp","href":"https:\/\/api.w.org\/{rel}","templated":true}]}}