{"id":18183,"date":"2021-06-17T12:33:34","date_gmt":"2021-06-17T10:33:34","guid":{"rendered":"https:\/\/bisbalpenedes.com\/web\/?p=18183"},"modified":"2021-06-17T12:55:49","modified_gmt":"2021-06-17T10:55:49","slug":"el-termini-per-a-les-convocatories-de-subvencions-escolars-per-al-curs-2020-21-sobrira-properament","status":"publish","type":"post","link":"https:\/\/bisbalpenedes.com\/web\/2021\/06\/17\/el-termini-per-a-les-convocatories-de-subvencions-escolars-per-al-curs-2020-21-sobrira-properament\/","title":{"rendered":"El termini per a les convocat\u00f2ries de subvencions escolars per al curs 2020\/21 s\u2019obrir\u00e0 properament"},"content":{"rendered":"\n<p>Properament s\u2019obrir\u00e0 el termini per presentar sol\u00b7licituds a les convocat\u00f2ries de subvencions escolars per al curs 2020\/21. El Ple ordinari del passat mes de mar\u00e7 va aprovar una modificaci\u00f3 per facilitar la tramitaci\u00f3 de les sol\u00b7licituds de les subvencions de menjador escolar i, aquest fet, ha generat un endarreriment la data aproximada de la convocat\u00f2ria habitual.<\/p>\n\n\n\n<p>Aquest dilluns 14 de juny s\u2019han aprovat les convocat\u00f2ries de subvencions per al curs escolar 2020\/21 dels llibres de l\u2019IES Coster de la Torre, del menjador escolar i del transport escolar de l\u2019Escola Ull de Vent i est\u00e0 previst que properament es publiqui al BOP Tarragona l\u2019aprovaci\u00f3 definitiva de la modificaci\u00f3 de les bases de subvencions i que, aleshores, comenci el termini per presentar les sol\u00b7licituds.<\/p>\n\n\n\n<p><strong>L\u2019Ajuntament us informar\u00e0 dels terminis quan es publiquin les bases de les convocat\u00f2ries a trav\u00e9s de les vies habituals<\/strong> <strong>de comunicaci\u00f3 amb la ciutadania.<\/strong><\/p>\n\n\n\n<hr class=\"wp-block-separator\"\/>\n\n\n\n<p><strong>CASTELLANO<\/strong> | Pr\u00f3ximamente se abrir\u00e1 el plazo para presentar solicitudes a las convocatorias de subvenciones escolares para el curso 2020\/21. El Pleno ordinario del pasado mes de marzo aprob\u00f3 una modificaci\u00f3n para facilitar la tramitaci\u00f3n de las solicitudes de las subvenciones de comedor escolar y, este hecho, ha generado un atraso en la fecha aproximada de la convocatoria habitual.<\/p>\n\n\n\n<p>Este lunes 14 de junio se han aprobado las convocatorias de subvenciones para el curso escolar 2020\/21 de los libros del IES Coster de la Torre, del comedor escolar y del transporte escolar de la Escuela Ull de Vent y est\u00e1 previsto que pr\u00f3ximamente se publique en el BOP Tarragona la aprobaci\u00f3n definitiva de la modificaci\u00f3n de las bases de subvenciones y que, entonces, empiece el plazo para presentar las solicitudes.<\/p>\n\n\n\n<p><strong>El Ayuntamiento os informar\u00e1 de los plazos cuando se publiquen las bases de las convocatorias a trav\u00e9s de las v\u00edas habituales de comunicaci\u00f3n con la ciudadan\u00eda.<\/strong><\/p>\n","protected":false},"excerpt":{"rendered":"<p>Properament s\u2019obrir\u00e0 el termini per presentar sol\u00b7licituds a les convocat\u00f2ries de subvencions escolars per al curs 2020\/21. El Ple ordinari del passat mes de mar\u00e7 va aprovar una modificaci\u00f3 per &hellip; <a href=\"https:\/\/bisbalpenedes.com\/web\/2021\/06\/17\/el-termini-per-a-les-convocatories-de-subvencions-escolars-per-al-curs-2020-21-sobrira-properament\/\" class=\"more-link\">Read More<\/a><\/p>\n","protected":false},"author":4,"featured_media":18184,"comment_status":"closed","ping_status":"closed","sticky":false,"template":"","format":"standard","meta":[],"categories":[3456,8,3431],"tags":[862,337,1475,393,1998],"_links":{"self":[{"href":"https:\/\/bisbalpenedes.com\/web\/wp-json\/wp\/v2\/posts\/18183"}],"collection":[{"href":"https:\/\/bisbalpenedes.com\/web\/wp-json\/wp\/v2\/posts"}],"about":[{"href":"https:\/\/bisbalpenedes.com\/web\/wp-json\/wp\/v2\/types\/post"}],"author":[{"embeddable":true,"href":"https:\/\/bisbalpenedes.com\/web\/wp-json\/wp\/v2\/users\/4"}],"replies":[{"embeddable":true,"href":"https:\/\/bisbalpenedes.com\/web\/wp-json\/wp\/v2\/comments?post=18183"}],"version-history":[{"count":3,"href":"https:\/\/bisbalpenedes.com\/web\/wp-json\/wp\/v2\/posts\/18183\/revisions"}],"predecessor-version":[{"id":18190,"href":"https:\/\/bisbalpenedes.com\/web\/wp-json\/wp\/v2\/posts\/18183\/revisions\/18190"}],"wp:featuredmedia":[{"embeddable":true,"href":"https:\/\/bisbalpenedes.com\/web\/wp-json\/wp\/v2\/media\/18184"}],"wp:attachment":[{"href":"https:\/\/bisbalpenedes.com\/web\/wp-json\/wp\/v2\/media?parent=18183"}],"wp:term":[{"taxonomy":"category","embeddable":true,"href":"https:\/\/bisbalpenedes.com\/web\/wp-json\/wp\/v2\/categories?post=18183"},{"taxonomy":"post_tag","embeddable":true,"href":"https:\/\/bisbalpenedes.com\/web\/wp-json\/wp\/v2\/tags?post=18183"}],"curies":[{"name":"wp","href":"https:\/\/api.w.org\/{rel}","templated":true}]}}