{"id":18179,"date":"2021-06-17T12:23:02","date_gmt":"2021-06-17T10:23:02","guid":{"rendered":"https:\/\/bisbalpenedes.com\/web\/?p=18179"},"modified":"2021-06-17T12:23:02","modified_gmt":"2021-06-17T10:23:02","slug":"el-23-de-juny-a-les-20h-arriba-la-flama-del-canigo-a-la-bisbal-del-penedes","status":"publish","type":"post","link":"https:\/\/bisbalpenedes.com\/web\/2021\/06\/17\/el-23-de-juny-a-les-20h-arriba-la-flama-del-canigo-a-la-bisbal-del-penedes\/","title":{"rendered":"El 23 de juny a les 20h arriba la Flama del Canig\u00f3 a la Bisbal del Pened\u00e8s"},"content":{"rendered":"\n<p>El 23 de juny, a les 20h, arriba la Flama del Canig\u00f3 a la Bisbal del Pened\u00e8s. Enguany la lectura del manifest anir\u00e0 a c\u00e0rrec de la bisbalenca Silvia Rodr\u00edguez Cabes i, com \u00e9s habitual, acompanyaran la flama els grallers de la <a href=\"https:\/\/www.facebook.com\/Societat-Cultural-i-Recreativa-Bisbalenca-121413537921096\/?__cft__[0]=AZUAvx3f5EYR3SnVKpKznLFRvx0_ZjY2xtCt7P4G7Z9Y6p_rSanaFNi4UXVbLRudBhugwK8jxBq83lgW_BiqD2YSLsTTLxlpBhLQgt97wYTeAv9pSq4j4jpmUg8jyw26IPoDSG5Etym2247seNEQWeUlRcycn7S0zxy8A-Y0yGnmEQ&amp;__tn__=kK-R\">Societat Cultural i Recreativa Bisbalenca<\/a>.<\/p>\n\n\n\n<hr class=\"wp-block-separator is-style-wide\"\/>\n\n\n\n<p>El 23 de junio, a las 20h, llega la ????? ??? ?????\u00f3 a la Bisbal del Pened\u00e8s.Este a\u00f1o la lectura del manifiesto ir\u00e1 a cargo de la bisbalenca Silvia Rodr\u00edguez Cabes y, como es habitual, acompa\u00f1ar\u00e1n la ????? los grallers de la Societat Cultural i Recreativa Bisbalenca.<\/p>\n","protected":false},"excerpt":{"rendered":"<p>El 23 de juny, a les 20h, arriba la Flama del Canig\u00f3 a la Bisbal del Pened\u00e8s. Enguany la lectura del manifest anir\u00e0 a c\u00e0rrec de la bisbalenca Silvia Rodr\u00edguez &hellip; <a href=\"https:\/\/bisbalpenedes.com\/web\/2021\/06\/17\/el-23-de-juny-a-les-20h-arriba-la-flama-del-canigo-a-la-bisbal-del-penedes\/\" class=\"more-link\">Read More<\/a><\/p>\n","protected":false},"author":4,"featured_media":18180,"comment_status":"closed","ping_status":"closed","sticky":false,"template":"","format":"standard","meta":[],"categories":[2942,13,1042,8],"tags":[225,50,112,553,393,537,4594],"_links":{"self":[{"href":"https:\/\/bisbalpenedes.com\/web\/wp-json\/wp\/v2\/posts\/18179"}],"collection":[{"href":"https:\/\/bisbalpenedes.com\/web\/wp-json\/wp\/v2\/posts"}],"about":[{"href":"https:\/\/bisbalpenedes.com\/web\/wp-json\/wp\/v2\/types\/post"}],"author":[{"embeddable":true,"href":"https:\/\/bisbalpenedes.com\/web\/wp-json\/wp\/v2\/users\/4"}],"replies":[{"embeddable":true,"href":"https:\/\/bisbalpenedes.com\/web\/wp-json\/wp\/v2\/comments?post=18179"}],"version-history":[{"count":1,"href":"https:\/\/bisbalpenedes.com\/web\/wp-json\/wp\/v2\/posts\/18179\/revisions"}],"predecessor-version":[{"id":18181,"href":"https:\/\/bisbalpenedes.com\/web\/wp-json\/wp\/v2\/posts\/18179\/revisions\/18181"}],"wp:featuredmedia":[{"embeddable":true,"href":"https:\/\/bisbalpenedes.com\/web\/wp-json\/wp\/v2\/media\/18180"}],"wp:attachment":[{"href":"https:\/\/bisbalpenedes.com\/web\/wp-json\/wp\/v2\/media?parent=18179"}],"wp:term":[{"taxonomy":"category","embeddable":true,"href":"https:\/\/bisbalpenedes.com\/web\/wp-json\/wp\/v2\/categories?post=18179"},{"taxonomy":"post_tag","embeddable":true,"href":"https:\/\/bisbalpenedes.com\/web\/wp-json\/wp\/v2\/tags?post=18179"}],"curies":[{"name":"wp","href":"https:\/\/api.w.org\/{rel}","templated":true}]}}