{"id":18171,"date":"2021-06-17T11:22:41","date_gmt":"2021-06-17T09:22:41","guid":{"rendered":"https:\/\/bisbalpenedes.com\/web\/?p=18171"},"modified":"2021-06-17T11:30:53","modified_gmt":"2021-06-17T09:30:53","slug":"quatre-persones-usuaries-del-rebost-solidari-han-comencat-a-treballar-despres-de-rebre-formacio-per-a-la-recerca-activa-de-feina","status":"publish","type":"post","link":"https:\/\/bisbalpenedes.com\/web\/2021\/06\/17\/quatre-persones-usuaries-del-rebost-solidari-han-comencat-a-treballar-despres-de-rebre-formacio-per-a-la-recerca-activa-de-feina\/","title":{"rendered":"Quatre persones usu\u00e0ries del Rebost Solidari han comen\u00e7at a treballar despr\u00e9s de rebre formaci\u00f3 per a la recerca activa de feina"},"content":{"rendered":"\n<p>Fotografia de la Puri i el Toni, voluntaris del Rebost Solidari<\/p>\n\n\n\n<p>Quatre persones usu\u00e0ries del Rebost Solidari de la Bisbal del Pened\u00e8s han comen\u00e7at a treballar recentment, despr\u00e9s de rebre una formaci\u00f3 gratu\u00efta amb l\u2019objectiu de dotar-les d\u2019eines per a la recerca activa de feina. La formaci\u00f3, proposada des de les Regidories de Benestar Social i Ocupaci\u00f3, va comen\u00e7ar el 13 d\u2019abril i s\u2019emmarcava dins del projecte Integra\u2019ls, que t\u00e9 la finalitat d\u2019integrar laboralment les persones amb dificultats f\u00edsiques, intel\u00b7lectuals, mentals i socials. Les setze persones que hi han participat s\u2019han format, durant 21 hores, de forma virtual.<\/p>\n\n\n\n<p>El Rebost Solidari de la Bisbal \u00e9s el servei que ofereix aliments b\u00e0sics, de forma temporal, a les persones que passen per una situaci\u00f3 de dificultat econ\u00f2mica. L\u2019alcaldessa de la Bisbal del Pened\u00e8s i responsable de l\u2019\u00e0rea d\u2019Ocupaci\u00f3, Agn\u00e8s Ferr\u00e9, ha explicat que \u201cel nostre objectiu \u00e9s facilitar formaci\u00f3 a les persones que es troben en situaci\u00f3 de vulnerabilitat i que, a partir d\u2019aquestes accions, puguin aconseguir feina. Aix\u00ed creiem que podem fer un pas m\u00e9s perqu\u00e8 surtin de la situaci\u00f3 de risc d\u2019exclusi\u00f3, ajudant-les a formar-se i tamb\u00e9 a inserir-se en el mercat laboral\u201d. Ferr\u00e9 considera que \u201c\u00e9s necessari que les persones siguin conscients que s\u2019han de formar i han d\u2019adquirir habilitats per detectar les oportunitats laborals i ser m\u00e9s atractius per les empreses i, alhora, automotivar-se per poder tirar endavant. Sabem que la situaci\u00f3 que passen \u00e9s dif\u00edcil, per\u00f2 tamb\u00e9 pensem que, amb ganes, molts d\u2019ells poden fer grans passos per anar endavant\u201d. La batllessa ha explicat que \u00e9s important que les persones en aquesta situaci\u00f3 aprofitin aquestes oportunitats per formar-se i motivar-se: \u201cvam contactar amb els trenta-un usuaris del Rebost que es troben en situaci\u00f3 d\u2019atur i a tots se\u2019ls va oferir la possibilitat de fer aquesta formaci\u00f3 de forma gratu\u00efta. S\u2019hi van apuntar un total de divuit, tot i que finalment han finalitzat la formaci\u00f3 setze. Quan va acabar la formaci\u00f3 es van fer entrevistes amb els usuaris i quatre han estat contractats\u201d.&nbsp;&nbsp;<\/p>\n\n\n\n<p>Abans de dur a&nbsp; terme aquesta formaci\u00f3 la regidora de Benestar Social, Paqui Cepas; i la t\u00e8cnica d\u2019Ocupaci\u00f3 municipal, Arantzazu Longares, van iniciar converses individualitzades amb tots els usuaris i usu\u00e0ries del Rebost Solidari per con\u00e8ixer la seva situaci\u00f3 i els seus perfils socials i laborals.<\/p>\n\n\n\n<hr class=\"wp-block-separator is-style-wide\"\/>\n\n\n\n<p><strong>CASTELLANO |<\/strong>\u00a0Cuatro personas usuarias del Rebost Solidari de la Bisbal del Pened\u00e8s han empezado a trabajar recientemente, despu\u00e9s de recibir una formaci\u00f3n gratuita con el objetivo de dotarlas de herramientas para la b\u00fasqueda activa de trabajo. La formaci\u00f3n, propuesta desde las Concejal\u00edas de Bienestar Social y Ocupaci\u00f3n, empez\u00f3 el 13 de abril y se enmarcaba dentro del proyecto Integra\u2019ls, que tiene la finalidad de integrar laboralmente a las personas con dificultades f\u00edsicas, intelectuales, mentales y sociales. Las diecis\u00e9is personas que han participado se han formado, durante 21 horas, de forma virtual.<\/p>\n\n\n\n<p>El Rebost Solidari de la Bisbal es el servicio que ofrece alimentos b\u00e1sicos, de forma temporal, a las personas que pasan por una situaci\u00f3n de dificultad econ\u00f3mica. La alcaldesa de la Bisbal del Pened\u00e8s y responsable del \u00e1rea de Ocupaci\u00f3n, Agn\u00e8s Ferr\u00e9, ha explicado que \u201cnuestro objetivo es facilitar formaci\u00f3n a las personas que se encuentran en situaci\u00f3n de vulnerabilidad y que, a partir de estas acciones, puedan conseguir trabajo. As\u00ed creemos que podemos dar un paso m\u00e1s para que salgan de la situaci\u00f3n de riesgo de exclusi\u00f3n, ayud\u00e1ndolas a formarse y tambi\u00e9n a insertarse en el mercado laboral\u201d. Ferr\u00e9 considera que \u201ces necesario que las personas sean conscientes de que se deben formar y que deben adquirir habilidades para detectar las oportunidades laborales y ser m\u00e1s atractivos para las empresas y, a la vez, automotivarse para poder salir adelante. Sabemos que la situaci\u00f3n que pasan es dif\u00edcil, pero tambi\u00e9n pensamos que, con ganas, muchos de ellos pueden hacer grandes pasos hacia adelante\u201d. La alcaldesa ha explicado que es muy importante que las personas en esta situaci\u00f3n aprovechen estas oportunidades para formarse y motivarse: \u201ccontactamos con los treinta y un usuarios del Rebost que se encuentran en situaci\u00f3n de paro y a todos se les ofreci\u00f3 la posibilidad de hacer esta formaci\u00f3n de forma gratuita. Se han apuntado un total de diez y ocho, aunque finalmente han finalizado la formaci\u00f3n diecis\u00e9is. Cuando termin\u00f3 la formaci\u00f3n se hicieron entrevistas con los usuarios y cuatro han sido contratados\u201d.<\/p>\n\n\n\n<p>Antes de llevar a cabo esta formaci\u00f3n la concejala de Bienestar Social, Paqui Cepas; y la t\u00e9cnica de Ocupaci\u00f3n municipal, Arantzazu Longares, iniciaron conversaciones individualizadas con todos los usuarios y usuarias del Rebost Solidari para conocer su situaci\u00f3n y sus perfiles sociales y laborales.<\/p>\n","protected":false},"excerpt":{"rendered":"<p>Fotografia de la Puri i el Toni, voluntaris del Rebost Solidari Quatre persones usu\u00e0ries del Rebost Solidari de la Bisbal del Pened\u00e8s han comen\u00e7at a treballar recentment, despr\u00e9s de rebre &hellip; <a href=\"https:\/\/bisbalpenedes.com\/web\/2021\/06\/17\/quatre-persones-usuaries-del-rebost-solidari-han-comencat-a-treballar-despres-de-rebre-formacio-per-a-la-recerca-activa-de-feina\/\" class=\"more-link\">Read More<\/a><\/p>\n","protected":false},"author":4,"featured_media":17268,"comment_status":"closed","ping_status":"closed","sticky":false,"template":"","format":"standard","meta":[],"categories":[3851,8,9],"tags":[459,315,4592,12,2616,4593,393,2644],"_links":{"self":[{"href":"https:\/\/bisbalpenedes.com\/web\/wp-json\/wp\/v2\/posts\/18171"}],"collection":[{"href":"https:\/\/bisbalpenedes.com\/web\/wp-json\/wp\/v2\/posts"}],"about":[{"href":"https:\/\/bisbalpenedes.com\/web\/wp-json\/wp\/v2\/types\/post"}],"author":[{"embeddable":true,"href":"https:\/\/bisbalpenedes.com\/web\/wp-json\/wp\/v2\/users\/4"}],"replies":[{"embeddable":true,"href":"https:\/\/bisbalpenedes.com\/web\/wp-json\/wp\/v2\/comments?post=18171"}],"version-history":[{"count":3,"href":"https:\/\/bisbalpenedes.com\/web\/wp-json\/wp\/v2\/posts\/18171\/revisions"}],"predecessor-version":[{"id":18174,"href":"https:\/\/bisbalpenedes.com\/web\/wp-json\/wp\/v2\/posts\/18171\/revisions\/18174"}],"wp:featuredmedia":[{"embeddable":true,"href":"https:\/\/bisbalpenedes.com\/web\/wp-json\/wp\/v2\/media\/17268"}],"wp:attachment":[{"href":"https:\/\/bisbalpenedes.com\/web\/wp-json\/wp\/v2\/media?parent=18171"}],"wp:term":[{"taxonomy":"category","embeddable":true,"href":"https:\/\/bisbalpenedes.com\/web\/wp-json\/wp\/v2\/categories?post=18171"},{"taxonomy":"post_tag","embeddable":true,"href":"https:\/\/bisbalpenedes.com\/web\/wp-json\/wp\/v2\/tags?post=18171"}],"curies":[{"name":"wp","href":"https:\/\/api.w.org\/{rel}","templated":true}]}}