{"id":18167,"date":"2021-06-16T18:05:11","date_gmt":"2021-06-16T16:05:11","guid":{"rendered":"https:\/\/bisbalpenedes.com\/web\/?p=18167"},"modified":"2021-06-16T18:09:19","modified_gmt":"2021-06-16T16:09:19","slug":"el-proper-dilluns-21-de-juny-a-les-19h-tindra-lloc-el-ple-ordinari-de-lajuntament-de-la-bisbal-del-penedes","status":"publish","type":"post","link":"https:\/\/bisbalpenedes.com\/web\/2021\/06\/16\/el-proper-dilluns-21-de-juny-a-les-19h-tindra-lloc-el-ple-ordinari-de-lajuntament-de-la-bisbal-del-penedes\/","title":{"rendered":"El proper dilluns 21 de juny a les 19h tindr\u00e0 lloc el Ple Ordinari de l\u2019Ajuntament de la Bisbal del Pened\u00e8s"},"content":{"rendered":"\n<p>El proper dilluns 21 de juny, a les 19h, tindr\u00e0 lloc el Ple Ordinari de l\u2019Ajuntament de La Bisbal del Pened\u00e8s corresponent a aquest trimestre.<\/p>\n\n\n\n<p>El Ple se celebrar\u00e0 de forma presencial i a porta tancada, per poder garantir totes les mesures de prevenci\u00f3 de contagis per la COVID-19. Posteriorment es podr\u00e0 veure l\u2019enregistrament a Youtube.<\/p>\n\n\n\n<p>Aquests s\u00f3n els punts de l\u2019ordre del dia:<\/p>\n\n\n\n<p><strong>ORDRE DEL DIA:<\/strong><\/p>\n\n\n\n<p>1.Aprovaci\u00f3 de l&#8217;acta del Ple ordinari del 15 de mar\u00e7<\/p>\n\n\n\n<p>2.Aprovaci\u00f3 de l&#8217;acta del Ple extraordinari del 30 d&#8217;abril<\/p>\n\n\n\n<p>3.Aprovaci\u00f3 de l&#8217;acta del Ple extraordinari del 12 de maig &nbsp;<\/p>\n\n\n\n<p>4.Aprovaci\u00f3 del Pla d\u2019Acci\u00f3 per l\u2019Energia Sostenible i el Clima (PAES)<\/p>\n\n\n\n<p>5.Adhesi\u00f3 al sistema central d&#8217;adquisicions de la Generalitat de Catalunya<\/p>\n\n\n\n<p>6.Modificaci\u00f3 de Cr\u00e8dit 1PLE\/2021<\/p>\n\n\n\n<p>7.Donar compte de les actuacions de control intern de l\u2019exercici 2020<\/p>\n\n\n\n<p>8.Donar compte de l\u2019informe de morositat anual 2020<\/p>\n\n\n\n<p>9.Donar compte de l\u2019informe de control de les despeses pendents d\u2019aplicar a pressupost 2020<\/p>\n\n\n\n<p>10.Donar compte de l\u2019informe resum de control intern de l\u2019exercici 2020<\/p>\n\n\n\n<p>11.Donar compte de l\u2019informe d\u2019execuci\u00f3 del pressupost, del primer trimestre del 2021<\/p>\n\n\n\n<p>12.Donar compte del per\u00edode mig de pagament del primer trimestre del 2021<\/p>\n\n\n\n<p>13. Donar compte del Pla anual del control financer del 2021<\/p>\n\n\n\n<p>14. Precs i preguntes<\/p>\n\n\n\n<p>Segons el ROM aprovat al Ple de l\u2019Ajuntament de la Bisbal el 19 de juny de 2017, la ciutadania pot participar en els Plens Ordinaris. Tot seguit us detallem el funcionament d\u2019aquest sup\u00f2sit:<br>Totes les persones tenen dret a intervenir en les sessions ordin\u00e0ries del Ple en el punt de l\u2019ordre del dia de \u2018Precs i preguntes\u2019, d\u2019acord amb les prescripcions seg\u00fcents:<\/p>\n\n\n\n<p>\u00b7&nbsp;&nbsp;&nbsp;&nbsp;&nbsp;&nbsp;&nbsp;El prec o pregunta s\u2019haur\u00e0 de sol\u2022licitar a l\u2019Alcaldia:<br>o per escrit i entrar-lo\/a al Registre General com a m\u00e0xim 24 hores abans del Ple Ordinari<br>o Per Twitter a @BisbalPenedes com a m\u00e0xim 24h abans del Ple Ordinari, complint el protocol d\u2019\u00fas de les xarxes socials i emprant l\u2019etiqueta&nbsp;<a href=\"https:\/\/www.facebook.com\/hashtag\/plebisbalpened%C3%A8s?__eep__=6&amp;source=feed_text&amp;epa=HASHTAG&amp;__xts__%5B0%5D=68.ARD1wXWwwlno0rOKPmoxxgSz89WYH5i8NHgdzmCY3U1GDyNswWNuLJC5R3CyiwZ8glyCklNOgb5D6-ILDBbxPeAhsZdMu8qbfllJN2mwOAG9lPX1POezHU4xpQ6CrtbSOFPuM13bcQDPXDkcT8uMdzLDRgfw5h57ESASLFFbhrUkWoxSN8IheJ2bj9-81sTG3gqQ-wPW1oTv63_qHlpWUiTPav-2exYCEXYInFYQJDcg-f8siVOv1iRTgFStQHuyX1OUlmXnMQEAJGyp0rbWxJ0DXP_c3jiScxjBnW0-ebrftvJ5rcDs6dNS_U1mdQ8lmfvzgSMIsH-xyDrOEt-i4-01nqBm&amp;__tn__=%2ANK-R\">#PleBisbalPened\u00e8s<\/a>, seguit del prec o pregunta.<\/p>\n\n\n\n<p>\u00b7&nbsp;&nbsp;&nbsp;&nbsp;&nbsp;&nbsp;&nbsp;L\u2019assumpte objecte del prec o pregunta haur\u00e0 de ser de compet\u00e8ncia municipal sobre l\u2019acci\u00f3 de govern o estar directament relacionat amb els punts inclosos a l\u2019ordre del dia.<\/p>\n\n\n\n<p>\u00b7&nbsp;&nbsp;&nbsp;&nbsp;&nbsp;&nbsp;&nbsp;Cada ciutad\u00e0\/ana pot formular un prec i una pregunta en un mateix Ple. La longitud m\u00e0xima de cada piulada \u00e9s de 140 car\u00e0cters i no es pot continuar la pregunta en un segon \u2018tweet\u2019.<\/p>\n\n\n\n<p>\u00b7&nbsp;&nbsp;&nbsp;&nbsp;&nbsp;&nbsp;&nbsp;L\u2019alcaldia podr\u00e0 no respondre si \u00e9s un assumpte sobre el qual l\u2019Ajuntament no t\u00e9 compet\u00e8ncies o si ja s\u2019ha presentat la mateixa pregunta en una altra sessi\u00f3 plen\u00e0ria en els \u00faltims 6 mesos.<\/p>\n\n\n\n<p>\u00b7&nbsp;&nbsp;&nbsp;&nbsp;&nbsp;&nbsp;&nbsp;L\u2019alcaldia comunicar\u00e0, acabat el termini m\u00e0xim de presentaci\u00f3 de preguntes, a qui vagin dirigides les preguntes o peticions sol\u2022licitades perqu\u00e8 les pugui respondre.<\/p>\n\n\n\n<p>\u00b7&nbsp;&nbsp;&nbsp;&nbsp;&nbsp;&nbsp;&nbsp;L\u2019Alcaldia llegir\u00e0 la pregunta en veu alta.<\/p>\n\n\n\n<p>\u00b7\u00a0\u00a0\u00a0\u00a0\u00a0\u00a0\u00a0L\u2019alcaldia o a qui va adre\u00e7ada la pregunta, la respondr\u00e0 en la mateixa sessi\u00f3 del Ple.<\/p>\n\n\n\n<hr class=\"wp-block-separator is-style-wide\"\/>\n\n\n\n<p><strong>CASTELLANO |<\/strong> El pr\u00f3ximo lunes 15 de marzo, a las 19h, tendr\u00e1 lugar el Pleno Ordinario del Ayuntamiento de La Bisbal del Pened\u00e8s correspondiente a este trimestre.<\/p>\n\n\n\n<p>El Pleno se celebrar\u00e1 de forma presencial y a puerta cerrada, para poder garantizar todas las medidas de prevenci\u00f3n de contagios por la COVID-19. Posteriormente se podr\u00e1 ver la grabaci\u00f3n en Youtube.<\/p>\n\n\n\n<p>Estos son los puntos del orden del d\u00eda:<\/p>\n\n\n\n<p><strong>ORDEN DEL D\u00cdA<\/strong><\/p>\n\n\n\n<p>1.Aprobaci\u00f3n del acta del Pleno ordinario del 15 de marzo.<\/p>\n\n\n\n<p>2.Aprobaci\u00f3n del acta del Pleno extraordinario del 30 de abril.<\/p>\n\n\n\n<p>3.Aprobaci\u00f3n del acta del Pleno extraordinario del 12 de mayo.<\/p>\n\n\n\n<p>4.Aprobaci\u00f3n del Plan de Acci\u00f3n por la Energ\u00eda Sostenible y el Clima (PAES)<\/p>\n\n\n\n<p>5.Adhesi\u00f3n al sistema central de adquisiciones de la Generalitat de Catalunya<\/p>\n\n\n\n<p>6.Modificaci\u00f3n de Cr\u00e9dito 1PLE\/2021<\/p>\n\n\n\n<p>7.Dar cuenta de las actuaciones de control interno del ejercicio 2020<\/p>\n\n\n\n<p>8.Dar cuenta del informe de morosidad anual 2020<\/p>\n\n\n\n<p>9.Dar cuenta del informe de control de los gastos pendientes de aplicar en el presupuesto 2020<\/p>\n\n\n\n<p>10.Dar cuenta del informe resumen de control interno del ejercicio 2020.<\/p>\n\n\n\n<p>11.Dar cuenta del informe de ejecuci\u00f3n del presupuesto, del primer trimestre del 2021.<\/p>\n\n\n\n<p>12.Dar cuenta del periodo medio de pago del primer trimestre de 2021<\/p>\n\n\n\n<p>13.Dar cuenta del Plan anual del control financiero del 2021.<\/p>\n\n\n\n<p>14.Ruegos y preguntas<\/p>\n\n\n\n<p>Seg\u00fan el ROM aprobado en el Pleno del Ayuntamiento de la Bisbal del Pened\u00e8s el pasado 19 de junio del 2017, la ciudadan\u00eda puede participar en los Plenos Ordinarios. A continuaci\u00f3n os detallamos el funcionamiento de este supuesto:<br>Todas las personas tienen derecho a intervenir en las sesiones ordinarias del Pleno en el punto de la orden del d\u00eda de \u2018Ruegos y preguntas\u2019, de acuerdo con las prescripciones siguientes:<\/p>\n\n\n\n<p>\u00b7&nbsp;&nbsp;&nbsp;&nbsp;&nbsp;&nbsp;&nbsp;El ruego o pregunta deber\u00e1 solicitarse a Alcald\u00eda:<br>o Por escrito y entrarlo\/la por escrito como m\u00e1ximo 24 horas antes del Pleno Ordinario<br>o Por Twitter en @BisbalPenedes como m\u00e1ximo 24h antes del Pleno Ordinario, cumpliendo el protocolo de uso de las redes sociales con el formato&nbsp;<a href=\"https:\/\/www.facebook.com\/hashtag\/plebisbalpened%C3%A8s?__eep__=6&amp;source=feed_text&amp;epa=HASHTAG&amp;__xts__%5B0%5D=68.ARD1wXWwwlno0rOKPmoxxgSz89WYH5i8NHgdzmCY3U1GDyNswWNuLJC5R3CyiwZ8glyCklNOgb5D6-ILDBbxPeAhsZdMu8qbfllJN2mwOAG9lPX1POezHU4xpQ6CrtbSOFPuM13bcQDPXDkcT8uMdzLDRgfw5h57ESASLFFbhrUkWoxSN8IheJ2bj9-81sTG3gqQ-wPW1oTv63_qHlpWUiTPav-2exYCEXYInFYQJDcg-f8siVOv1iRTgFStQHuyX1OUlmXnMQEAJGyp0rbWxJ0DXP_c3jiScxjBnW0-ebrftvJ5rcDs6dNS_U1mdQ8lmfvzgSMIsH-xyDrOEt-i4-01nqBm&amp;__tn__=%2ANK-R\">#PleBisbalPened\u00e8s<\/a>, seguido del ruego o pregunta.<\/p>\n\n\n\n<p>\u00b7&nbsp;&nbsp;&nbsp;&nbsp;&nbsp;&nbsp;&nbsp;El asunto objeto del ruego o pregunta deber\u00e1 ser de competencia municipal sobre la acci\u00f3n de gobierno o estar directamente relacionado con los puntos incluidos en el orden del d\u00eda.<\/p>\n\n\n\n<p>\u00b7&nbsp;&nbsp;&nbsp;&nbsp;&nbsp;&nbsp;&nbsp;Cada ciudadano\/na puede formular un ruego y una pregunta en un mismo Pleno. La longitud m\u00e1xima de cada tweet es de 140 caracteres y no se puede continuar la pregunta con un segundo \u2018tweet.<\/p>\n\n\n\n<p>\u00b7&nbsp;&nbsp;&nbsp;&nbsp;&nbsp;&nbsp;&nbsp;Alcald\u00eda podr\u00e1 no responder si es un asunto sobre el cual el Ayuntamiento no tiene competencias o si ya se ha presentado la misma pregunta en otra sesi\u00f3n plenaria de los \u00faltimos 6 meses.<\/p>\n\n\n\n<p>\u00b7&nbsp;&nbsp;&nbsp;&nbsp;&nbsp;&nbsp;&nbsp;Alcald\u00eda comunicar\u00e1, terminado el plazo m\u00e1ximo de presentaci\u00f3n de preguntas, a quien vayan dirigidas las preguntas o peticiones solicitadas para que las pueda responder.<\/p>\n\n\n\n<p>\u00b7&nbsp;&nbsp;&nbsp;&nbsp;&nbsp;&nbsp;&nbsp;Alcald\u00eda leer\u00e1 la pregunta en voz alta.<\/p>\n\n\n\n<p>\u00b7&nbsp;&nbsp;&nbsp;&nbsp;&nbsp;&nbsp;&nbsp;Alcald\u00eda o a quien vaya dirigida la pregunta, la responder\u00e1 en la misma sesi\u00f3n del Pleno.<\/p>\n","protected":false},"excerpt":{"rendered":"<p>El proper dilluns 21 de juny, a les 19h, tindr\u00e0 lloc el Ple Ordinari de l\u2019Ajuntament de La Bisbal del Pened\u00e8s corresponent a aquest trimestre. El Ple se celebrar\u00e0 de &hellip; <a href=\"https:\/\/bisbalpenedes.com\/web\/2021\/06\/16\/el-proper-dilluns-21-de-juny-a-les-19h-tindra-lloc-el-ple-ordinari-de-lajuntament-de-la-bisbal-del-penedes\/\" class=\"more-link\">Read More<\/a><\/p>\n","protected":false},"author":4,"featured_media":10917,"comment_status":"closed","ping_status":"closed","sticky":false,"template":"","format":"standard","meta":[],"categories":[8,2251,2250],"tags":[4591,4588,1897,1073,249,4587,4590,4589],"_links":{"self":[{"href":"https:\/\/bisbalpenedes.com\/web\/wp-json\/wp\/v2\/posts\/18167"}],"collection":[{"href":"https:\/\/bisbalpenedes.com\/web\/wp-json\/wp\/v2\/posts"}],"about":[{"href":"https:\/\/bisbalpenedes.com\/web\/wp-json\/wp\/v2\/types\/post"}],"author":[{"embeddable":true,"href":"https:\/\/bisbalpenedes.com\/web\/wp-json\/wp\/v2\/users\/4"}],"replies":[{"embeddable":true,"href":"https:\/\/bisbalpenedes.com\/web\/wp-json\/wp\/v2\/comments?post=18167"}],"version-history":[{"count":2,"href":"https:\/\/bisbalpenedes.com\/web\/wp-json\/wp\/v2\/posts\/18167\/revisions"}],"predecessor-version":[{"id":18169,"href":"https:\/\/bisbalpenedes.com\/web\/wp-json\/wp\/v2\/posts\/18167\/revisions\/18169"}],"wp:featuredmedia":[{"embeddable":true,"href":"https:\/\/bisbalpenedes.com\/web\/wp-json\/wp\/v2\/media\/10917"}],"wp:attachment":[{"href":"https:\/\/bisbalpenedes.com\/web\/wp-json\/wp\/v2\/media?parent=18167"}],"wp:term":[{"taxonomy":"category","embeddable":true,"href":"https:\/\/bisbalpenedes.com\/web\/wp-json\/wp\/v2\/categories?post=18167"},{"taxonomy":"post_tag","embeddable":true,"href":"https:\/\/bisbalpenedes.com\/web\/wp-json\/wp\/v2\/tags?post=18167"}],"curies":[{"name":"wp","href":"https:\/\/api.w.org\/{rel}","templated":true}]}}