{"id":18163,"date":"2021-06-16T11:07:23","date_gmt":"2021-06-16T09:07:23","guid":{"rendered":"https:\/\/bisbalpenedes.com\/web\/?p=18163"},"modified":"2021-06-16T11:08:14","modified_gmt":"2021-06-16T09:08:14","slug":"saprova-el-pagament-de-la-quota-anual-amb-lassociacio-de-municipis-per-la-mobilitat-i-el-transport-urba","status":"publish","type":"post","link":"https:\/\/bisbalpenedes.com\/web\/2021\/06\/16\/saprova-el-pagament-de-la-quota-anual-amb-lassociacio-de-municipis-per-la-mobilitat-i-el-transport-urba\/","title":{"rendered":"S\u2019aprova el pagament de la quota anual de l\u2019Associaci\u00f3 de Municipis per la Mobilitat i el Transport Urb\u00e0"},"content":{"rendered":"\n<p>La Junta de govern del dilluns 14 de juny ha aprovat el pagament de la quota de l\u2019any 2021 de l\u2019AMTU, l\u2019Associaci\u00f3 de Municipis per la Mobilitat i el Transport Urb\u00e0, per un import de 481,55\u20ac.<\/p>\n\n\n\n<p>L\u2019Ajuntament de la Bisbal del Pened\u00e8s va aprovar l\u2019adhesi\u00f3 a l\u2019AMTU en el Ple ordinari del 17 de desembre de 2018. Aquesta entitat treballa per a la millora de la mobilitat i de les infraestructures de transport p\u00fablic d\u2019arreu de Catalunya i ofereix suport t\u00e8cnic, jur\u00eddic i administratiu als seus associats en mat\u00e8ria de mobilitat, infraestructures i transport p\u00fablic.<\/p>\n\n\n\n<p>L\u2019alcaldessa de la Bisbal del Pened\u00e8s, Agn\u00e8s Ferr\u00e9, ha explicat que \u201caquesta entitat ens ajuda, ens resol dubtes i ens facilita informaci\u00f3 sobre les diferents opcions i modalitats de transport p\u00fablic \u2013i la seva gesti\u00f3- que es poden implementar al municipi. M\u00e9s enll\u00e0 d\u2019aquest conveni, l\u2019any passat vam tirar endavant un estudi per poder avaluar quina \u00e9s l\u2019opci\u00f3 m\u00e9s viable de transport p\u00fablic al municipi i, al maig, vam iniciar un nou servei que comunica les urbanitzacions amb l\u2019Hospital Comarcal del Vendrell, les Mates i l\u2019estaci\u00f3 d\u2019autobusos del Vendrell\u201d.<\/p>\n\n\n\n<hr class=\"wp-block-separator is-style-wide\"\/>\n\n\n\n<p><strong>CASTELLANO | <\/strong>La Junta de gobierno del lunes 14 de junio ha aprobado el pago de la cuota del a\u00f1o 2021 de la AMTU, la Associaci\u00f3 de Municipis per la Mobilitat i el Transport Urb\u00e0, por un importe de 481,55\u20ac.<\/p>\n\n\n\n<p>El Ayuntamiento de la Bisbal del Pened\u00e8s aprob\u00f3 la adhesi\u00f3n a la AMTU en el Pleno ordinario del 17 de diciembre de 2018. Esta entidad trabaja para la mejora de la movilidad y de las infraestructuras de transporte p\u00fablico de toda Catalunya y ofrece soporte t\u00e9cnico, jur\u00eddico y administrativo a sus asociados en materia de movilidad, infraestructuras y transporte p\u00fablico.<\/p>\n\n\n\n<p>La alcaldesa de la Bisbal del Pened\u00e8s, Agn\u00e8s Ferr\u00e9, ha explicado que \u201cesta entidad nos ayuda, nos resuelve dudas y nos facilita informaci\u00f3n sobre las distintas opciones y modalidades de transporte p\u00fablico \u2013 y su gesti\u00f3n \u2013 que se pueden implementar en el municipio. M\u00e1s all\u00e1 de este convenio, el a\u00f1o pasado sacamos adelante un estudio para poder evaluar cu\u00e1l es la opci\u00f3n m\u00e1s viable de transporte p\u00fablico en el municipio y, en mayo, iniciamos un nuevo servicio que comunica las urbanizaciones con el Hospital Comarcal del Vendrell, les Mates y l a estaci\u00f3n de autobuses del Vendrell\u201d.<\/p>\n","protected":false},"excerpt":{"rendered":"<p>La Junta de govern del dilluns 14 de juny ha aprovat el pagament de la quota de l\u2019any 2021 de l\u2019AMTU, l\u2019Associaci\u00f3 de Municipis per la Mobilitat i el Transport &hellip; <a href=\"https:\/\/bisbalpenedes.com\/web\/2021\/06\/16\/saprova-el-pagament-de-la-quota-anual-amb-lassociacio-de-municipis-per-la-mobilitat-i-el-transport-urba\/\" class=\"more-link\">Read More<\/a><\/p>\n","protected":false},"author":4,"featured_media":18164,"comment_status":"closed","ping_status":"closed","sticky":false,"template":"","format":"standard","meta":[],"categories":[3085,3859,8],"tags":[2530,4586,686,393,3561],"_links":{"self":[{"href":"https:\/\/bisbalpenedes.com\/web\/wp-json\/wp\/v2\/posts\/18163"}],"collection":[{"href":"https:\/\/bisbalpenedes.com\/web\/wp-json\/wp\/v2\/posts"}],"about":[{"href":"https:\/\/bisbalpenedes.com\/web\/wp-json\/wp\/v2\/types\/post"}],"author":[{"embeddable":true,"href":"https:\/\/bisbalpenedes.com\/web\/wp-json\/wp\/v2\/users\/4"}],"replies":[{"embeddable":true,"href":"https:\/\/bisbalpenedes.com\/web\/wp-json\/wp\/v2\/comments?post=18163"}],"version-history":[{"count":2,"href":"https:\/\/bisbalpenedes.com\/web\/wp-json\/wp\/v2\/posts\/18163\/revisions"}],"predecessor-version":[{"id":18166,"href":"https:\/\/bisbalpenedes.com\/web\/wp-json\/wp\/v2\/posts\/18163\/revisions\/18166"}],"wp:featuredmedia":[{"embeddable":true,"href":"https:\/\/bisbalpenedes.com\/web\/wp-json\/wp\/v2\/media\/18164"}],"wp:attachment":[{"href":"https:\/\/bisbalpenedes.com\/web\/wp-json\/wp\/v2\/media?parent=18163"}],"wp:term":[{"taxonomy":"category","embeddable":true,"href":"https:\/\/bisbalpenedes.com\/web\/wp-json\/wp\/v2\/categories?post=18163"},{"taxonomy":"post_tag","embeddable":true,"href":"https:\/\/bisbalpenedes.com\/web\/wp-json\/wp\/v2\/tags?post=18163"}],"curies":[{"name":"wp","href":"https:\/\/api.w.org\/{rel}","templated":true}]}}