{"id":18158,"date":"2021-06-16T10:28:13","date_gmt":"2021-06-16T08:28:13","guid":{"rendered":"https:\/\/bisbalpenedes.com\/web\/?p=18158"},"modified":"2021-06-16T10:28:13","modified_gmt":"2021-06-16T08:28:13","slug":"la-junta-de-govern-ha-aprovat-la-prorroga-del-contracte-de-lescola-de-musica-municipal-amb-contrapunt","status":"publish","type":"post","link":"https:\/\/bisbalpenedes.com\/web\/2021\/06\/16\/la-junta-de-govern-ha-aprovat-la-prorroga-del-contracte-de-lescola-de-musica-municipal-amb-contrapunt\/","title":{"rendered":"La Junta de govern ha aprovat la pr\u00f3rroga del contracte de l\u2019Escola de M\u00fasica Municipal amb Contrapunt"},"content":{"rendered":"\n<p>La Junta de govern d\u2019aquest dilluns 14 de juny ha aprovat la pr\u00f3rroga del contracte del servei de gesti\u00f3 de l\u2019Escola de M\u00fasica Municipal amb Contrapunt, Cooperativa de m\u00fasics, SCCL, per un import de 36.031,35\u20ac (preu sense IVA).<\/p>\n\n\n\n<p>La Junta de Govern de setembre de 2019 va aprovar l\u2019adjudicaci\u00f3 del contracte d\u2019aquest servei per dos anys, podent-se aprovar dues pr\u00f2rrogues anuals m\u00e9s. La Junta de Govern ha aprovat la primera pr\u00f2rroga del servei per al curs 2021\/2022. El servei inclou la doc\u00e8ncia, la gesti\u00f3 administrativa, l\u2019organitzaci\u00f3, el control i la gesti\u00f3 t\u00e8cnica i econ\u00f2mica, aix\u00ed com el cobrament del preu p\u00fablic aprovat per l\u2019Ajuntament de la Bisbal del Pened\u00e8s.<\/p>\n\n\n\n<p>L\u2019Escola Municipal de m\u00fasica t\u00e9 la finalitat de promoure la m\u00fasica i el seu ensenyament i est\u00e0 oberta a tota la poblaci\u00f3, sense l\u00edmit d\u2019edat. Ofereix classes de llenguatge musical, piano, bateria\/percussi\u00f3, guitarra i conjunt instrumental, les tardes de dilluns a divendres, d\u2019octubre a juny, ja que es contempla com a activitat complement\u00e0ria a l\u2019escola per a aquells usuaris que estan en edat escolar.<\/p>\n\n\n\n<hr class=\"wp-block-separator is-style-wide\"\/>\n\n\n\n<p><strong>CASTELLANO |<\/strong> La Junta de gobierno de este lunes 14 de junio ha aprobado la pr\u00f3rroga del contrato del servicio de gesti\u00f3n de la Escuela de M\u00fasica Municipal con Contrapunt, Cooperativa de m\u00fasicos, SCCL, por un importe de 36.031,35\u20ac (precio sin IVA).<\/p>\n\n\n\n<p>La Junta de Gobierno de septiembre de 2019 aprob\u00f3 la adjudicaci\u00f3n del contrato de este servicio por dos a\u00f1os, pudi\u00e9ndose aprobar dos pr\u00f3rrogas anuales m\u00e1s. La Junta de Gobierno ha aprobado la primera pr\u00f3rroga del servicio para el curso 2021\/2022. El servicio incluye la docencia, la gesti\u00f3n administrativa, la organizaci\u00f3n, el control y la gesti\u00f3n t\u00e9cnica y econ\u00f3mica, as\u00ed como el cobro del precio \u00fanico aprobado por el Ayuntamiento de la Bisbal del Pened\u00e8s.<\/p>\n\n\n\n<p>La Escuela Municipal de M\u00fasica tiene la finalidad de promover la m\u00fasica y su ense\u00f1anza y est\u00e1 abierta a toda la poblaci\u00f3n, sin l\u00edmite de edad. Ofrece clases de lenguaje musical, piano, bater\u00eda\/percusi\u00f3n, guitarra y conjunto instrumental, las tardes de lunes a viernes, de octubre a junio, ya que se contempla como actividad complementaria a la escuela para aquellos usuarios que est\u00e1n en edad escolar.<\/p>\n","protected":false},"excerpt":{"rendered":"<p>La Junta de govern d\u2019aquest dilluns 14 de juny ha aprovat la pr\u00f3rroga del contracte del servei de gesti\u00f3 de l\u2019Escola de M\u00fasica Municipal amb Contrapunt, Cooperativa de m\u00fasics, SCCL, &hellip; <a href=\"https:\/\/bisbalpenedes.com\/web\/2021\/06\/16\/la-junta-de-govern-ha-aprovat-la-prorroga-del-contracte-de-lescola-de-musica-municipal-amb-contrapunt\/\" class=\"more-link\">Read More<\/a><\/p>\n","protected":false},"author":4,"featured_media":11773,"comment_status":"closed","ping_status":"closed","sticky":false,"template":"","format":"standard","meta":[],"categories":[13,3456,8],"tags":[3218,781,393],"_links":{"self":[{"href":"https:\/\/bisbalpenedes.com\/web\/wp-json\/wp\/v2\/posts\/18158"}],"collection":[{"href":"https:\/\/bisbalpenedes.com\/web\/wp-json\/wp\/v2\/posts"}],"about":[{"href":"https:\/\/bisbalpenedes.com\/web\/wp-json\/wp\/v2\/types\/post"}],"author":[{"embeddable":true,"href":"https:\/\/bisbalpenedes.com\/web\/wp-json\/wp\/v2\/users\/4"}],"replies":[{"embeddable":true,"href":"https:\/\/bisbalpenedes.com\/web\/wp-json\/wp\/v2\/comments?post=18158"}],"version-history":[{"count":2,"href":"https:\/\/bisbalpenedes.com\/web\/wp-json\/wp\/v2\/posts\/18158\/revisions"}],"predecessor-version":[{"id":18160,"href":"https:\/\/bisbalpenedes.com\/web\/wp-json\/wp\/v2\/posts\/18158\/revisions\/18160"}],"wp:featuredmedia":[{"embeddable":true,"href":"https:\/\/bisbalpenedes.com\/web\/wp-json\/wp\/v2\/media\/11773"}],"wp:attachment":[{"href":"https:\/\/bisbalpenedes.com\/web\/wp-json\/wp\/v2\/media?parent=18158"}],"wp:term":[{"taxonomy":"category","embeddable":true,"href":"https:\/\/bisbalpenedes.com\/web\/wp-json\/wp\/v2\/categories?post=18158"},{"taxonomy":"post_tag","embeddable":true,"href":"https:\/\/bisbalpenedes.com\/web\/wp-json\/wp\/v2\/tags?post=18158"}],"curies":[{"name":"wp","href":"https:\/\/api.w.org\/{rel}","templated":true}]}}