{"id":18133,"date":"2021-06-14T09:08:21","date_gmt":"2021-06-14T07:08:21","guid":{"rendered":"https:\/\/bisbalpenedes.com\/web\/?p=18133"},"modified":"2021-06-14T09:08:21","modified_gmt":"2021-06-14T07:08:21","slug":"aquest-diumenge-han-tingut-lloc-les-audicions-de-fi-de-curs-de-lescola-municipal-de-musica-de-la-bisbal-del-penedes","status":"publish","type":"post","link":"https:\/\/bisbalpenedes.com\/web\/2021\/06\/14\/aquest-diumenge-han-tingut-lloc-les-audicions-de-fi-de-curs-de-lescola-municipal-de-musica-de-la-bisbal-del-penedes\/","title":{"rendered":"Aquest diumenge han tingut lloc les audicions de fi de curs de l&#8217;Escola Municipal de M\u00fasica de la Bisbal del Pened\u00e8s"},"content":{"rendered":"\n<p>Aquest diumenge la Societat Cultural i Recreativa Bisbalenca ha acollit el concert de final de curs de l&#8217;Escola Municipal de M\u00fasica. Enguany, tenint en compte les mesures que s&#8217;han d&#8217;adoptar per la COVID-19, hi han pogut accedir un m\u00e0xim de dos familiars per alumne. <\/p>\n\n\n\n<hr class=\"wp-block-separator is-style-wide\"\/>\n\n\n\n<p>Este domingo la Societat Cultural i Recreativa Bisbalenca ha acogido el concierto de fin de curso de la Escuela Municipal de M\u00fasica. Este a\u00f1o, teniendo en cuenta las medidas que se tienen que adoptar por la COVID-19, han podido acceder al concierto un m\u00e1ximo de dos familiares por alumno.<\/p>\n\n\n\n<figure class=\"wp-block-image size-large\"><img loading=\"lazy\" width=\"1024\" height=\"1024\" src=\"https:\/\/bisbalpenedes.com\/web\/wp-content\/uploads\/2021\/06\/fi-de-curs-escola-musica-insta-2-1024x1024.png\" alt=\"\" class=\"wp-image-18134\" srcset=\"https:\/\/bisbalpenedes.com\/web\/wp-content\/uploads\/2021\/06\/fi-de-curs-escola-musica-insta-2-1024x1024.png 1024w, https:\/\/bisbalpenedes.com\/web\/wp-content\/uploads\/2021\/06\/fi-de-curs-escola-musica-insta-2-300x300.png 300w, https:\/\/bisbalpenedes.com\/web\/wp-content\/uploads\/2021\/06\/fi-de-curs-escola-musica-insta-2-100x100.png 100w, https:\/\/bisbalpenedes.com\/web\/wp-content\/uploads\/2021\/06\/fi-de-curs-escola-musica-insta-2-600x600.png 600w, https:\/\/bisbalpenedes.com\/web\/wp-content\/uploads\/2021\/06\/fi-de-curs-escola-musica-insta-2-150x150.png 150w, https:\/\/bisbalpenedes.com\/web\/wp-content\/uploads\/2021\/06\/fi-de-curs-escola-musica-insta-2-768x768.png 768w, https:\/\/bisbalpenedes.com\/web\/wp-content\/uploads\/2021\/06\/fi-de-curs-escola-musica-insta-2.png 1080w\" sizes=\"(max-width: 1024px) 100vw, 1024px\" \/><\/figure>\n","protected":false},"excerpt":{"rendered":"<p>Aquest diumenge la Societat Cultural i Recreativa Bisbalenca ha acollit el concert de final de curs de l&#8217;Escola Municipal de M\u00fasica. Enguany, tenint en compte les mesures que s&#8217;han d&#8217;adoptar &hellip; <a href=\"https:\/\/bisbalpenedes.com\/web\/2021\/06\/14\/aquest-diumenge-han-tingut-lloc-les-audicions-de-fi-de-curs-de-lescola-municipal-de-musica-de-la-bisbal-del-penedes\/\" class=\"more-link\">Read More<\/a><\/p>\n","protected":false},"author":4,"featured_media":18135,"comment_status":"closed","ping_status":"closed","sticky":false,"template":"","format":"standard","meta":[],"categories":[13,16,8],"tags":[3790,781,1014,607,4578],"_links":{"self":[{"href":"https:\/\/bisbalpenedes.com\/web\/wp-json\/wp\/v2\/posts\/18133"}],"collection":[{"href":"https:\/\/bisbalpenedes.com\/web\/wp-json\/wp\/v2\/posts"}],"about":[{"href":"https:\/\/bisbalpenedes.com\/web\/wp-json\/wp\/v2\/types\/post"}],"author":[{"embeddable":true,"href":"https:\/\/bisbalpenedes.com\/web\/wp-json\/wp\/v2\/users\/4"}],"replies":[{"embeddable":true,"href":"https:\/\/bisbalpenedes.com\/web\/wp-json\/wp\/v2\/comments?post=18133"}],"version-history":[{"count":1,"href":"https:\/\/bisbalpenedes.com\/web\/wp-json\/wp\/v2\/posts\/18133\/revisions"}],"predecessor-version":[{"id":18136,"href":"https:\/\/bisbalpenedes.com\/web\/wp-json\/wp\/v2\/posts\/18133\/revisions\/18136"}],"wp:featuredmedia":[{"embeddable":true,"href":"https:\/\/bisbalpenedes.com\/web\/wp-json\/wp\/v2\/media\/18135"}],"wp:attachment":[{"href":"https:\/\/bisbalpenedes.com\/web\/wp-json\/wp\/v2\/media?parent=18133"}],"wp:term":[{"taxonomy":"category","embeddable":true,"href":"https:\/\/bisbalpenedes.com\/web\/wp-json\/wp\/v2\/categories?post=18133"},{"taxonomy":"post_tag","embeddable":true,"href":"https:\/\/bisbalpenedes.com\/web\/wp-json\/wp\/v2\/tags?post=18133"}],"curies":[{"name":"wp","href":"https:\/\/api.w.org\/{rel}","templated":true}]}}