{"id":18126,"date":"2021-06-10T09:52:35","date_gmt":"2021-06-10T07:52:35","guid":{"rendered":"https:\/\/bisbalpenedes.com\/web\/?p=18126"},"modified":"2021-06-10T09:57:21","modified_gmt":"2021-06-10T07:57:21","slug":"ja-estan-totalment-transitables-les-3-rutes-bisbalenques","status":"publish","type":"post","link":"https:\/\/bisbalpenedes.com\/web\/2021\/06\/10\/ja-estan-totalment-transitables-les-3-rutes-bisbalenques\/","title":{"rendered":"Ja estan totalment transitables les 3 rutes bisbalenques"},"content":{"rendered":"\n<p>La Regidoria de Medi Ambient de l\u2019Ajuntament de La Bisbal del Pened\u00e8s continua treballant per tra\u00e7ar una xarxa de camins municipal amb l\u2019objectiu que la poblaci\u00f3 pugui disposar d\u2019un espai on fer exercici a l\u2019aire lliure al municipi, tenint en compte els beneficis de l\u2019h\u00e0bit de fer activitat f\u00edsica. Ara, s\u2019han acabat tres rutes i, per aix\u00f2, el passat diumenge es va dur a terme una caminada, organitzada des de Senderistes Bisbalencs i la Regidoria de Medi Ambient, per tal d\u2019estrenar les rutes. En concret, es va fer la ruta 3, que passa per la Meixa, Puig de Vilafranca i la Barraca del Vi.<\/p>\n\n\n\n<p>La regidora de Medi Ambient, Leo Uceda, ha explicat que \u201cla caminada va ser genial i, des d\u2019aqu\u00ed, vull donar les gr\u00e0cies a l\u2019entitat Senderistes Bisbalencs per la bona feina realitzada. No obstant aix\u00f2, m\u2019agradaria fer una menci\u00f3 especial a la feina pr\u00e8via que va fer el bisbalenc Robert Vall\u00e8s gr\u00e0cies a un conveni amb el Departament de Geografia i Hist\u00f2ria de la Universitat de Barcelona per fer pr\u00e0ctiques a l\u2019Ajuntament. Ell va ser qui va realitzar un recull de fitxes de rutes senderistes pel municipi gr\u00e0cies a les quals, avui podem tenir aquestes tres rutes totalment transitables i, d\u2019altra banda, els pl\u00e0nols que hi ha als cartells s\u00f3n d\u2019un altre bisbalenc, el Benjam\u00ed Catal\u00e0\u201d.<\/p>\n\n\n\n<p>El passat mes de febrer van comen\u00e7ar els treballs de condicionament i senyalitzaci\u00f3 d\u2019aquests camins i, per fer-los, l\u2019Ajuntament va contractar dues persones: una de la borsa de treball d\u2019operaris de jardineria i neteja vi\u00e0ria i un de la borsa de reparacions i obres. Aquests operaris han condicionat els camins fent feines de desbrossament i reparaci\u00f3 de terra, marges i instal\u00b7laci\u00f3 de la senyalitzaci\u00f3 amb cartells informatius juntament amb el personal de la brigada municipal.<\/p>\n\n\n\n<p>Us enllacem la informaci\u00f3 sobre les tres rutes, que ja es troben totalment transitables:<\/p>\n\n\n\n<ul><li><strong>Ruta 1:<\/strong> tram bisbalenc del cam\u00ed Ral, de 8,5 km: <a href=\"https:\/\/bisbalpenedes.com\/web\/ruta-1-tram-bisbalenc-del-cami-ral\/\">https:\/\/bisbalpenedes.com\/web\/ruta-1-tram-bisbalenc-del-cami-ral\/<\/a><\/li><li><strong>Ruta 2: <\/strong>cap a l\u2019Esplai, Can Gordei i la Miralba pel cam\u00ed de les Clotes, de 8,6km: <a href=\"https:\/\/bisbalpenedes.com\/web\/ruta-2-cap-a-lesplai-can-gordei-i-la-miralba-pel-cami-de-les-clotes\/\">https:\/\/bisbalpenedes.com\/web\/ruta-2-cap-a-lesplai-can-gordei-i-la-miralba-pel-cami-de-les-clotes\/<\/a><\/li><li><strong>Ruta 3:<\/strong> la Meixa, puig de Vilafranca i barraca del vi, de 12,5km: <a href=\"https:\/\/bisbalpenedes.com\/web\/ruta-3-la-meixa-puig-de-vilafranca-barraca-del-vi\/\">https:\/\/bisbalpenedes.com\/web\/ruta-3-la-meixa-puig-de-vilafranca-barraca-del-vi\/<\/a><\/li><\/ul>\n\n\n\n<hr class=\"wp-block-separator\"\/>\n\n\n\n<p><strong>CASTELLANO |<\/strong> La Concejal\u00eda de Medio Ambiente del Ayuntamiento de La Bisbal del Pened\u00e8s contin\u00faa trabajando para trazar una red de caminos municipal con el objetivo que la poblaci\u00f3n pueda disponer de un espacio donde hacer ejercicio al aire libre en el municipio, teniendo en cuenta los beneficios del h\u00e1bito de hacer actividad f\u00edsica. Ahora, se han terminado tres rutas y, por ese motivo, el domingo pasado se llev\u00f3 a cabo una caminata, organizada desde Senderistes Bisbalencs y la Concejal\u00eda de Medio Ambiente, con tal de estrenar las rutas. En concreto, se hizo la ruta 3, que pasa por la Meixa, Puig de Vilafranca y la Barraca del Vi.<\/p>\n\n\n\n<p>La concejala de Medio Ambiente, Leo Uceda, ha explicado que \u201cla caminata fue genial y, desde aqu\u00ed, quiero dar las gracias a la entidad Senderistes Bisbalencs por el buen trabajo realizado. No obstante, me gustar\u00eda hacer una menci\u00f3n especial al trabajo previo que hizo el bisbalense Robert Vall\u00e8s gracias a un convenio con el Departamento de Geograf\u00eda e Historia de la Universidad de Barcelona para hacer pr\u00e1cticas en el Ayuntamiento. \u00c9l fue quien recopil\u00f3 las fichas de las rutas senderistas del municipio gracias a las cuales hoy podemos tener estas tres rutas totalmente transitables y, por otro lado, los planos que hay en los carteles son de otro bisbalense, Benjam\u00ed Catal\u00e0\u201d.<\/p>\n\n\n\n<p>El pasado mes de febrero empezaron los trabajos de acondicionamiento y se\u00f1alizaci\u00f3n de estos caminos y, para hacerlos, el Ayuntamiento contrat\u00f3 a dos personas: una de la bolsa de trabajo de operarios de jardiner\u00eda y limpieza vial y otro de la bolsa de reparaciones y obras. Estos operarios han acondicionado los caminos haciendo trabajos de desbroce y reparaci\u00f3n de la tierra transitable, m\u00e1rgenes y la instalaci\u00f3n de se\u00f1alizaci\u00f3n con carteles informativos junto con el personal de la brigada municipal.<\/p>\n\n\n\n<p>Os enlazamos la informaci\u00f3n sobre las tres rutas, que ya est\u00e1n totalmente transitables:<\/p>\n\n\n\n<ul><li><strong>Ruta 1:<\/strong> tramo bisbalense del cam\u00ed Ral, de 8,5 km: <a href=\"https:\/\/bisbalpenedes.com\/web\/ruta-1-tram-bisbalenc-del-cami-ral\/\">https:\/\/bisbalpenedes.com\/web\/ruta-1-tram-bisbalenc-del-cami-ral\/<\/a><\/li><li><strong>Ruta 2: <\/strong>hacia l\u2019Esplai, Can Gordei y la Miralba por el camino de les Clotes, de 8,6 km: <a href=\"https:\/\/bisbalpenedes.com\/web\/ruta-2-cap-a-lesplai-can-gordei-i-la-miralba-pel-cami-de-les-clotes\/\">https:\/\/bisbalpenedes.com\/web\/ruta-2-cap-a-lesplai-can-gordei-i-la-miralba-pel-cami-de-les-clotes\/<\/a><\/li><li><strong>Ruta 3:<\/strong> la Meixa, puig de Vilafranca y barraca del vi, de 12,5 km: <a href=\"https:\/\/bisbalpenedes.com\/web\/ruta-3-la-meixa-puig-de-vilafranca-barraca-del-vi\/\">https:\/\/bisbalpenedes.com\/web\/ruta-3-la-meixa-puig-de-vilafranca-barraca-del-vi\/<\/a><\/li><\/ul>\n\n\n\n<figure class=\"wp-block-image size-full\"><img loading=\"lazy\" width=\"1417\" height=\"1417\" src=\"https:\/\/bisbalpenedes.com\/web\/wp-content\/uploads\/2021\/05\/CARTELLX50TRAM1_CAMI_RAL_rasteK.jpg\" alt=\"Ruta 1. Cartell\" class=\"wp-image-17987\" srcset=\"https:\/\/bisbalpenedes.com\/web\/wp-content\/uploads\/2021\/05\/CARTELLX50TRAM1_CAMI_RAL_rasteK.jpg 1417w, https:\/\/bisbalpenedes.com\/web\/wp-content\/uploads\/2021\/05\/CARTELLX50TRAM1_CAMI_RAL_rasteK-300x300.jpg 300w, https:\/\/bisbalpenedes.com\/web\/wp-content\/uploads\/2021\/05\/CARTELLX50TRAM1_CAMI_RAL_rasteK-100x100.jpg 100w, https:\/\/bisbalpenedes.com\/web\/wp-content\/uploads\/2021\/05\/CARTELLX50TRAM1_CAMI_RAL_rasteK-600x600.jpg 600w, https:\/\/bisbalpenedes.com\/web\/wp-content\/uploads\/2021\/05\/CARTELLX50TRAM1_CAMI_RAL_rasteK-1024x1024.jpg 1024w, https:\/\/bisbalpenedes.com\/web\/wp-content\/uploads\/2021\/05\/CARTELLX50TRAM1_CAMI_RAL_rasteK-150x150.jpg 150w, https:\/\/bisbalpenedes.com\/web\/wp-content\/uploads\/2021\/05\/CARTELLX50TRAM1_CAMI_RAL_rasteK-768x768.jpg 768w\" sizes=\"(max-width: 1417px) 100vw, 1417px\" \/><\/figure>\n\n\n\n<figure class=\"wp-block-image size-full\"><img loading=\"lazy\" width=\"1417\" height=\"1417\" src=\"https:\/\/bisbalpenedes.com\/web\/wp-content\/uploads\/2021\/06\/rosa23.jpg\" alt=\"\" class=\"wp-image-18025\" srcset=\"https:\/\/bisbalpenedes.com\/web\/wp-content\/uploads\/2021\/06\/rosa23.jpg 1417w, https:\/\/bisbalpenedes.com\/web\/wp-content\/uploads\/2021\/06\/rosa23-300x300.jpg 300w, https:\/\/bisbalpenedes.com\/web\/wp-content\/uploads\/2021\/06\/rosa23-100x100.jpg 100w, https:\/\/bisbalpenedes.com\/web\/wp-content\/uploads\/2021\/06\/rosa23-600x600.jpg 600w, https:\/\/bisbalpenedes.com\/web\/wp-content\/uploads\/2021\/06\/rosa23-1024x1024.jpg 1024w, https:\/\/bisbalpenedes.com\/web\/wp-content\/uploads\/2021\/06\/rosa23-150x150.jpg 150w, https:\/\/bisbalpenedes.com\/web\/wp-content\/uploads\/2021\/06\/rosa23-768x768.jpg 768w\" sizes=\"(max-width: 1417px) 100vw, 1417px\" \/><\/figure>\n\n\n\n<figure class=\"wp-block-image size-full\"><img loading=\"lazy\" width=\"1417\" height=\"1417\" src=\"https:\/\/bisbalpenedes.com\/web\/wp-content\/uploads\/2021\/06\/CARTELLX50TRAM3_CAMI_MEIXA_rasteK.jpg\" alt=\"\" class=\"wp-image-18067\" srcset=\"https:\/\/bisbalpenedes.com\/web\/wp-content\/uploads\/2021\/06\/CARTELLX50TRAM3_CAMI_MEIXA_rasteK.jpg 1417w, https:\/\/bisbalpenedes.com\/web\/wp-content\/uploads\/2021\/06\/CARTELLX50TRAM3_CAMI_MEIXA_rasteK-300x300.jpg 300w, https:\/\/bisbalpenedes.com\/web\/wp-content\/uploads\/2021\/06\/CARTELLX50TRAM3_CAMI_MEIXA_rasteK-100x100.jpg 100w, https:\/\/bisbalpenedes.com\/web\/wp-content\/uploads\/2021\/06\/CARTELLX50TRAM3_CAMI_MEIXA_rasteK-600x600.jpg 600w, https:\/\/bisbalpenedes.com\/web\/wp-content\/uploads\/2021\/06\/CARTELLX50TRAM3_CAMI_MEIXA_rasteK-1024x1024.jpg 1024w, https:\/\/bisbalpenedes.com\/web\/wp-content\/uploads\/2021\/06\/CARTELLX50TRAM3_CAMI_MEIXA_rasteK-150x150.jpg 150w, https:\/\/bisbalpenedes.com\/web\/wp-content\/uploads\/2021\/06\/CARTELLX50TRAM3_CAMI_MEIXA_rasteK-768x768.jpg 768w\" sizes=\"(max-width: 1417px) 100vw, 1417px\" \/><\/figure>\n","protected":false},"excerpt":{"rendered":"<p>La Regidoria de Medi Ambient de l\u2019Ajuntament de La Bisbal del Pened\u00e8s continua treballant per tra\u00e7ar una xarxa de camins municipal amb l\u2019objectiu que la poblaci\u00f3 pugui disposar d\u2019un espai &hellip; <a href=\"https:\/\/bisbalpenedes.com\/web\/2021\/06\/10\/ja-estan-totalment-transitables-les-3-rutes-bisbalenques\/\" class=\"more-link\">Read More<\/a><\/p>\n","protected":false},"author":4,"featured_media":18069,"comment_status":"closed","ping_status":"closed","sticky":false,"template":"","format":"standard","meta":[],"categories":[32,8],"tags":[459,4573,854,855,4329,393,4571,1374,4572,4574,4570,4532,2490,856],"_links":{"self":[{"href":"https:\/\/bisbalpenedes.com\/web\/wp-json\/wp\/v2\/posts\/18126"}],"collection":[{"href":"https:\/\/bisbalpenedes.com\/web\/wp-json\/wp\/v2\/posts"}],"about":[{"href":"https:\/\/bisbalpenedes.com\/web\/wp-json\/wp\/v2\/types\/post"}],"author":[{"embeddable":true,"href":"https:\/\/bisbalpenedes.com\/web\/wp-json\/wp\/v2\/users\/4"}],"replies":[{"embeddable":true,"href":"https:\/\/bisbalpenedes.com\/web\/wp-json\/wp\/v2\/comments?post=18126"}],"version-history":[{"count":2,"href":"https:\/\/bisbalpenedes.com\/web\/wp-json\/wp\/v2\/posts\/18126\/revisions"}],"predecessor-version":[{"id":18128,"href":"https:\/\/bisbalpenedes.com\/web\/wp-json\/wp\/v2\/posts\/18126\/revisions\/18128"}],"wp:featuredmedia":[{"embeddable":true,"href":"https:\/\/bisbalpenedes.com\/web\/wp-json\/wp\/v2\/media\/18069"}],"wp:attachment":[{"href":"https:\/\/bisbalpenedes.com\/web\/wp-json\/wp\/v2\/media?parent=18126"}],"wp:term":[{"taxonomy":"category","embeddable":true,"href":"https:\/\/bisbalpenedes.com\/web\/wp-json\/wp\/v2\/categories?post=18126"},{"taxonomy":"post_tag","embeddable":true,"href":"https:\/\/bisbalpenedes.com\/web\/wp-json\/wp\/v2\/tags?post=18126"}],"curies":[{"name":"wp","href":"https:\/\/api.w.org\/{rel}","templated":true}]}}