{"id":18122,"date":"2021-06-09T12:33:17","date_gmt":"2021-06-09T10:33:17","guid":{"rendered":"https:\/\/bisbalpenedes.com\/web\/?p=18122"},"modified":"2021-06-09T12:34:56","modified_gmt":"2021-06-09T10:34:56","slug":"la-ponencia-denergies-renovables-de-la-generalitat-ha-desestimat-el-recurs-de-reposicio-presentat-per-lempresa-promotora-del-parc-solar-fotovoltaic-les-planes","status":"publish","type":"post","link":"https:\/\/bisbalpenedes.com\/web\/2021\/06\/09\/la-ponencia-denergies-renovables-de-la-generalitat-ha-desestimat-el-recurs-de-reposicio-presentat-per-lempresa-promotora-del-parc-solar-fotovoltaic-les-planes\/","title":{"rendered":"La Pon\u00e8ncia d\u2019energies renovables de la Generalitat ha desestimat el recurs de reposici\u00f3 presentat per l\u2019empresa promotora del parc solar fotovoltaic les Planes"},"content":{"rendered":"\n<p>La Pon\u00e8ncia d\u2019energies renovables de la Generalitat de Catalunya ha desestimat el recurs de reposici\u00f3 presentat per l\u2019empresa promotora del parc solar fotovoltaic Les Planes. Aix\u00ed ho va fer saber amb la informaci\u00f3 que va fer arribar a l\u2019Ajuntament de La Bisbal del Pened\u00e8s el passat 4 de juny.<\/p>\n\n\n\n<p>El mes de novembre de 2020 van arribar tres projectes per a la instal\u00b7laci\u00f3 de parcs solars fotovoltaics al municipi als que, l\u2019Ajuntament de la Bisbal del Pened\u00e8s, es va oposar perqu\u00e8 la seva ubicaci\u00f3 no estava consensuada amb el territori. De fet, es van fer arribar propostes alternatives que plantejaven la ubicaci\u00f3 dels m\u00f2duls en sostres d\u2019empreses i en terrenys industrials per\u00f2 no en terrenys agr\u00edcoles ni protegits. A m\u00e9s, el Ple ordinari de l\u2019Ajuntament i el Consell d\u2019Alcaldes del Consell Comarcal del Baix Pened\u00e8s van aprovar, per unanimitat, un manifest en relaci\u00f3 amb aquest assumpte. Podeu llegir-lo aqu\u00ed: <a href=\"https:\/\/bisbalpenedes.com\/web\/wp-content\/uploads\/2020\/12\/Manifest-Parcs-Fotovoltaics-Consnsuats.pdf\">https:\/\/bisbalpenedes.com\/web\/wp-content\/uploads\/2020\/12\/Manifest-Parcs-Fotovoltaics-Consnsuats.pdf<\/a><\/p>\n\n\n\n<p>Per tot plegat, a l\u2019abril l\u2019Ajuntament de la Bisbal del Pened\u00e8s va presentar un informe desfavorable com a resposta a les al\u00b7legacions presentades per les empreses promotores el passat mes de febrer, ja que seguien sent projectes no consensuats amb el territori.<\/p>\n\n\n\n<p>L\u2019alcaldessa de la Bisbal del Pened\u00e8s, Agn\u00e8s Ferr\u00e9, ha explicat que \u201cdes de l\u2019Ajuntament s\u2019aposta per les energies renovables consensuades amb el territori i respectant el medi rural i agr\u00edcola\u201d. Ferr\u00e9 ha afegit que \u201cens n\u2019alegrem d\u2019aquest desistiment i esperem que tamb\u00e9 es desestimin els recursos presentats per les altres dues empreses. Treballem per poder tenir energia sostenible per\u00f2 sempre consensuada amb el territori\u201d.<\/p>\n\n\n\n<hr class=\"wp-block-separator is-style-wide\"\/>\n\n\n\n<p><strong>CASTELLANO<\/strong> | La ponencia de energ\u00edas renovables de la Generalitat de Catalunya ha desestimado el recurso de reposici\u00f3n presentado por la empresa promotora del parque solar fotovoltaico Les Planes. As\u00ed lo hizo saber con la informaci\u00f3n que hizo llegar al Ayuntamiento de La Bisbal del Pened\u00e8s el pasado 4 de junio.<\/p>\n\n\n\n<p>El mes de noviembre de 2020 llegaron tres proyectos para la instalaci\u00f3n de parques solares fotovoltaicos al municipio a los que, el Ayuntamiento de la Bisbal del Pened\u00e8s, se opuso porque su ubicaci\u00f3n no estaba consensuada con el territorio. De hecho, se hicieron llegar propuestas alternativas que planteaban la ubicaci\u00f3n de los m\u00f3dulos en techos de empresas y en terrenos industriales pero no en terrenos agr\u00edcolas ni protegidos. Adem\u00e1s, el Pleno ordinario del Ayuntamiento y el Consejo de Alcaldes del Consell Comarcal del Baix Pened\u00e8s aprobaron, por unanimidad, un manifiesto en relaci\u00f3n con este asunto. Pod\u00e9is leerlo aqu\u00ed: <a href=\"https:\/\/bisbalpenedes.com\/web\/wp-content\/uploads\/2020\/12\/Manifest-Parcs-Fotovoltaics-Consnsuats.pdf\">https:\/\/bisbalpenedes.com\/web\/wp-content\/uploads\/2020\/12\/Manifest-Parcs-Fotovoltaics-Consnsuats.pdf<\/a><\/p>\n\n\n\n<p>Por todo ello, en abril el Ayuntamiento de la Bisbal del Pened\u00e8s present\u00f3 un informe desfavorable como respuesta a las alegaciones presentadas por las empresas promotoras el pasado mes de febrero, ya que segu\u00edan siendo proyectos no consensuados con el territorio.<\/p>\n\n\n\n<p>La alcaldesa de la Bisbal del Pened\u00e8s, Agn\u00e8s Ferr\u00e9, ha explicado que \u201cdesde el Ayuntamiento se apuesta por las energ\u00edas renovables consensuadas con el territorio y respetando el medio rural y agr\u00edcola\u201d. Ferr\u00e9 ha a\u00f1adido que \u201cnos alegramos de este desistimiento y esperamos que tambi\u00e9n se desestimen los recursos presentados por las otras dos empresa. Trabajamos para poder tener energ\u00eda sostenible pero siempre consensuada con el territorio&#8221;.<\/p>\n","protected":false},"excerpt":{"rendered":"<p>La Pon\u00e8ncia d\u2019energies renovables de la Generalitat de Catalunya ha desestimat el recurs de reposici\u00f3 presentat per l\u2019empresa promotora del parc solar fotovoltaic Les Planes. Aix\u00ed ho va fer saber &hellip; <a href=\"https:\/\/bisbalpenedes.com\/web\/2021\/06\/09\/la-ponencia-denergies-renovables-de-la-generalitat-ha-desestimat-el-recurs-de-reposicio-presentat-per-lempresa-promotora-del-parc-solar-fotovoltaic-les-planes\/\" class=\"more-link\">Read More<\/a><\/p>\n","protected":false},"author":4,"featured_media":18123,"comment_status":"closed","ping_status":"closed","sticky":false,"template":"","format":"standard","meta":[],"categories":[2057,8],"tags":[1252,459,1056,393,4568,4567],"_links":{"self":[{"href":"https:\/\/bisbalpenedes.com\/web\/wp-json\/wp\/v2\/posts\/18122"}],"collection":[{"href":"https:\/\/bisbalpenedes.com\/web\/wp-json\/wp\/v2\/posts"}],"about":[{"href":"https:\/\/bisbalpenedes.com\/web\/wp-json\/wp\/v2\/types\/post"}],"author":[{"embeddable":true,"href":"https:\/\/bisbalpenedes.com\/web\/wp-json\/wp\/v2\/users\/4"}],"replies":[{"embeddable":true,"href":"https:\/\/bisbalpenedes.com\/web\/wp-json\/wp\/v2\/comments?post=18122"}],"version-history":[{"count":2,"href":"https:\/\/bisbalpenedes.com\/web\/wp-json\/wp\/v2\/posts\/18122\/revisions"}],"predecessor-version":[{"id":18125,"href":"https:\/\/bisbalpenedes.com\/web\/wp-json\/wp\/v2\/posts\/18122\/revisions\/18125"}],"wp:featuredmedia":[{"embeddable":true,"href":"https:\/\/bisbalpenedes.com\/web\/wp-json\/wp\/v2\/media\/18123"}],"wp:attachment":[{"href":"https:\/\/bisbalpenedes.com\/web\/wp-json\/wp\/v2\/media?parent=18122"}],"wp:term":[{"taxonomy":"category","embeddable":true,"href":"https:\/\/bisbalpenedes.com\/web\/wp-json\/wp\/v2\/categories?post=18122"},{"taxonomy":"post_tag","embeddable":true,"href":"https:\/\/bisbalpenedes.com\/web\/wp-json\/wp\/v2\/tags?post=18122"}],"curies":[{"name":"wp","href":"https:\/\/api.w.org\/{rel}","templated":true}]}}