{"id":18115,"date":"2021-06-08T15:09:18","date_gmt":"2021-06-08T13:09:18","guid":{"rendered":"https:\/\/bisbalpenedes.com\/web\/?p=18115"},"modified":"2021-06-08T15:09:18","modified_gmt":"2021-06-08T13:09:18","slug":"el-26-de-juny-a-les-19h-projectarem-la-pellicula-my-mexican-bretzel-del-cicle-gaudi","status":"publish","type":"post","link":"https:\/\/bisbalpenedes.com\/web\/2021\/06\/08\/el-26-de-juny-a-les-19h-projectarem-la-pellicula-my-mexican-bretzel-del-cicle-gaudi\/","title":{"rendered":"El 26 de juny a les 19h projectarem la pel\u00b7l\u00edcula &#8220;My Mexican Bretzel&#8221; del Cicle Gaud\u00ed"},"content":{"rendered":"\n<p>El proper dissabte 26 de juny, a les 19h, projectarem la pel\u00b7l\u00edcula \u201cMy Mexican Bretzel\u201d del Cicle Gaud\u00ed al Centre Municipal de Cultura. Es tracta d&#8217;un film que ha recorregut nombrosos festivals d&#8217;arreu del m\u00f3n, recollint premis i reconeixements.<br><\/p>\n\n\n\n<p>El preu general de l\u2019entrada \u00e9s de 4,5\u20ac i s\u2019ofereix un preu redu\u00eft de 3\u20ac presentant el carnet de la Biblioteca Municipal de la Bisbal.<\/p>\n\n\n\n<p>Quant a la recaptaci\u00f3, aquesta es destinar\u00e0 a l\u2019entitat del poble que gestioni la venda d\u2019entrades en cada projecci\u00f3, en aquest cas se n\u2019ocupar\u00e0 l&#8217;Associaci\u00f3 de la Gent Gran.<\/p>\n\n\n\n<p>Les taquilles s\u2019obriran 30 minuts abans amb l\u2019objectiu de tenir un control dels assistents i poder-los ubicar respectant totes les mesures de seguretat per la Covid-19. L\u2019aforament ser\u00e0 limitat.<\/p>\n\n\n\n<p><strong>FITXA T\u00c8CNICA<\/strong><\/p>\n\n\n\n<p>Direcci\u00f3: N\u00faria Gim\u00e9nez Lorang<\/p>\n\n\n\n<p>Gui\u00f3: N\u00faria Gim\u00e9nez Lorang<\/p>\n\n\n\n<p>Direcci\u00f3 de fotografia: Frank&nbsp; A. Lorang, Ilse G. Ringier<\/p>\n\n\n\n<p>Estrena: Desembre de 2020<\/p>\n\n\n\n<p>Durada: 74 min.<\/p>\n\n\n\n<p>G\u00e8nere: Documental<\/p>\n\n\n\n<p>Int\u00e8rprets: Ilse G. Ringier, Frank A. Lorang, Vivian Barrett, Le\u00f3n Barrett<\/p>\n\n\n\n<p><strong>SINOPSI<\/strong><\/p>\n\n\n\n<p>Diari \u00edntim d\u2019una dona de classe benestant il\u00b7lustrat per les filmacions casolanes del seu marit, un ric industrial, entre els anys 40 i 60 de segle passat. La pel\u00b7l\u00edcula \u00e9s un viatge a trav\u00e9s de la vella Europa i un relat cl\u00e0ssic hereu dels melodrames de Douglas Sirk.<\/p>\n\n\n\n<p>Amb \u201cMy Mexican Bretzel\u201d, desdibuixant els l\u00edmits entre realitat i la ficci\u00f3, la cineasta catalana Gim\u00e9nez Lorang explora el concepte de la mem\u00f2ria a trav\u00e9s d\u2019un relat que esdev\u00e9 un somni rom\u00e0ntic. Guanyadora del premi Gaud\u00ed a Millor documental, s\u2019ha endut tamb\u00e9 els premis a Millor gui\u00f3 (una fita que nom\u00e9s havia aconseguit un altre documental l\u2019any 2010, \u201cGarbo, l\u2019espia\u201d) i a Millor muntatge (compartit amb Crist\u00f3bal Fern\u00e1ndez).<\/p>\n\n\n\n<hr class=\"wp-block-separator is-style-wide\"\/>\n\n\n\n<p><strong>CASTELLANO |&nbsp;<\/strong>El pr\u00f3ximo s\u00e1bado 26 de junio, a las 19h, proyectaremos la pel\u00edcula \u201cMy Mexican Bretzel\u201d del Cicle Gaud\u00ed &nbsp;al Centre Municipal de Cultura. Se trata de un film que ha recorrido numerosos festivales de todo el mundo, recogiendo premios y reconocimientos.<\/p>\n\n\n\n<p>El precio general de la entrada es de 4,5\u20ac y se ofrece un precio reducido de 3\u20ac presentando el carn\u00e9 de la Biblioteca Municipal de la Bisbal.<\/p>\n\n\n\n<p>En cuanto a la recaudaci\u00f3n, esta se destinar\u00e1 a la entidad del pueblo que gestione la venta de entradas en cada proyecci\u00f3n, en este caso se ocupar\u00e1 de esta tarea la Associaci\u00f3 de la Gent Gran.<\/p>\n\n\n\n<p>Las taquillas se abrir\u00e1n 30 minutos antes con el objetivo de tener un control de los asistentes y poderlos ubicar respetando todas las medidas de seguridad por la Covid-19. El aforo ser\u00e1 limitado.<\/p>\n\n\n\n<p><strong>FICHA T\u00c9CNICA<\/strong><\/p>\n\n\n\n<p>Direcci\u00f3n: N\u00faria Gim\u00e9nez Lorang<\/p>\n\n\n\n<p>Gui\u00f3n: LN\u00faria Gim\u00e9nez Lorang<\/p>\n\n\n\n<p>Direcci\u00f3n de fotograf\u00eda: Frank&nbsp; A. Lorang, Ilse G. Ringier<\/p>\n\n\n\n<p>Estreno: Desembre de 2020<\/p>\n\n\n\n<p>Duraci\u00f3n: 74 min.<\/p>\n\n\n\n<p>G\u00e9nero: Documental<\/p>\n\n\n\n<p>Int\u00e9rpretes: Ilse G. Ringier, Frank A. Lorang, Vivian Barrett, Le\u00f3n Barrett<\/p>\n\n\n\n<p><strong>SINOPSIS<\/strong><\/p>\n\n\n\n<p>Diario \u00edntimo de una mujer de clase acomodada ilustrado por las filmaciones caseras de su marido, un rico industrial, entre los a\u00f1os 40 y 60 del siglo pasado. La pel\u00edcula es un viaje a trav\u00e9s de la vieja Europa y un relato cl\u00e1sico heredero de los melodramas de Douglas Sirk.<\/p>\n\n\n\n<p>Con &#8220;My Mexican Bretzel&#8221;, desdibujando los l\u00edmites entre realidad y ficci\u00f3n, la cineasta catalana Gim\u00e9nez Lorang explora el concepto de la memoria a trav\u00e9s de un relato que acontece un sue\u00f1o rom\u00e1ntico. ganadora del premio Gaud\u00ed a Mejor documental, se ha llevado tambi\u00e9n los premios a Mejor gui\u00f3n (un logro que solamente hab\u00eda conseguido otro documental el a\u00f1o 2010, &#8220;Garbo, el esp\u00eda&#8221;) y a Mejor montaje (compartido con Crist\u00f3bal Fern\u00e1ndez).<\/p>\n","protected":false},"excerpt":{"rendered":"<p>El proper dissabte 26 de juny, a les 19h, projectarem la pel\u00b7l\u00edcula \u201cMy Mexican Bretzel\u201d del Cicle Gaud\u00ed al Centre Municipal de Cultura. Es tracta d&#8217;un film que ha recorregut &hellip; <a href=\"https:\/\/bisbalpenedes.com\/web\/2021\/06\/08\/el-26-de-juny-a-les-19h-projectarem-la-pellicula-my-mexican-bretzel-del-cicle-gaudi\/\" class=\"more-link\">Read More<\/a><\/p>\n","protected":false},"author":4,"featured_media":18116,"comment_status":"closed","ping_status":"closed","sticky":false,"template":"","format":"standard","meta":[],"categories":[2942,13,8],"tags":[2930,308,225,393,4566,771],"_links":{"self":[{"href":"https:\/\/bisbalpenedes.com\/web\/wp-json\/wp\/v2\/posts\/18115"}],"collection":[{"href":"https:\/\/bisbalpenedes.com\/web\/wp-json\/wp\/v2\/posts"}],"about":[{"href":"https:\/\/bisbalpenedes.com\/web\/wp-json\/wp\/v2\/types\/post"}],"author":[{"embeddable":true,"href":"https:\/\/bisbalpenedes.com\/web\/wp-json\/wp\/v2\/users\/4"}],"replies":[{"embeddable":true,"href":"https:\/\/bisbalpenedes.com\/web\/wp-json\/wp\/v2\/comments?post=18115"}],"version-history":[{"count":1,"href":"https:\/\/bisbalpenedes.com\/web\/wp-json\/wp\/v2\/posts\/18115\/revisions"}],"predecessor-version":[{"id":18117,"href":"https:\/\/bisbalpenedes.com\/web\/wp-json\/wp\/v2\/posts\/18115\/revisions\/18117"}],"wp:featuredmedia":[{"embeddable":true,"href":"https:\/\/bisbalpenedes.com\/web\/wp-json\/wp\/v2\/media\/18116"}],"wp:attachment":[{"href":"https:\/\/bisbalpenedes.com\/web\/wp-json\/wp\/v2\/media?parent=18115"}],"wp:term":[{"taxonomy":"category","embeddable":true,"href":"https:\/\/bisbalpenedes.com\/web\/wp-json\/wp\/v2\/categories?post=18115"},{"taxonomy":"post_tag","embeddable":true,"href":"https:\/\/bisbalpenedes.com\/web\/wp-json\/wp\/v2\/tags?post=18115"}],"curies":[{"name":"wp","href":"https:\/\/api.w.org\/{rel}","templated":true}]}}