{"id":18105,"date":"2021-06-07T15:40:47","date_gmt":"2021-06-07T13:40:47","guid":{"rendered":"https:\/\/bisbalpenedes.com\/web\/?p=18105"},"modified":"2021-06-07T16:04:47","modified_gmt":"2021-06-07T14:04:47","slug":"torna-el-festival-eva-a-la-bisbal-del-penedes-la-presentacio-va-tenir-lloc-el-passat-dissabte-5-de-juny","status":"publish","type":"post","link":"https:\/\/bisbalpenedes.com\/web\/2021\/06\/07\/torna-el-festival-eva-a-la-bisbal-del-penedes-la-presentacio-va-tenir-lloc-el-passat-dissabte-5-de-juny\/","title":{"rendered":"Torna el Festival EVA a la Bisbal del Pened\u00e8s &#8211; La presentaci\u00f3 va tenir lloc el passat dissabte 5 de juny"},"content":{"rendered":"\n<p>El passat dissabte 5 de juny va tenir lloc la presentaci\u00f3 del Festival EVA 2021 a l\u2019Auditori Pau Casals de Sant Salvador. Hi van assistir l\u2019alcaldessa Agn\u00e8s Ferr\u00e9 i els regidors de Cultura, Judith Vidal, i Festes, Feliu Gil.<\/p>\n\n\n\n<p>Un any m\u00e9s, la Bisbal del Pened\u00e8s ser\u00e0 un dels municipis on es dur\u00e0 a terme el Festival, concretament acollirem aquests tres espectacles:<\/p>\n\n\n\n<ul><li>Dijous 15 de juliol, a les 21:30h: D\u2019aquells boleros aquells contes de M\u00f2nica Torra i Txema Riera (per a adults)<\/li><li>Dijous 22 de juliol, a les 21:30h: Cuentos her\u00f3ticos amb Pablo Albo (per a adults)<\/li><li>Diumenge 25 de juliol, a les 12:00h: All\u00e0 on viuen els monstres amb Sherezade Bardaj\u00ed (p\u00fablic familiar).<\/li><\/ul>\n\n\n\n<p>L\u2019aforament de tots els espectacles ser\u00e0 limitat. Per reservar les entrades podeu enviar un Whatsapp als n\u00fameros 608 568 881 o 684 416 843.<\/p>\n\n\n\n<p>&#8212;<\/p>\n\n\n\n<p>El pasado s\u00e1bado 5 de junio tuvo lugar la presentaci\u00f3n del Festival EVA 2021 en el Auditorio Pau Casals de Sant Salvador. Asistieron la alcaldesa Agn\u00e8s Ferr\u00e9 y los concejales de Cultura, Judith Vidal, y Fiestas, Feliu Gil.<\/p>\n\n\n\n<p>Un a\u00f1o m\u00e1s, la Bisbal del Pened\u00e8s ser\u00e1 uno de los municipios donde se llevar\u00e1 a cabo el Festival, concretamente acogeremos estos tres espect\u00e1culos:<\/p>\n\n\n\n<ul><li>Jueves 15 de julio, a las 21:30h: D\u2019aquells boleros aquells contes de M\u00f2nica Torra y Txema Riera (para adultos).<\/li><li>Jueves 22 de julio, a las 21:30h: Cuentos her\u00f3ticos con Pablo Albo (para adultos).<\/li><li>Domingo 25 de julio, a las 12:00h: All\u00e0 on viuen els monstres con Sherezade Bardaj\u00ed (p\u00fablico familiar).<\/li><\/ul>\n\n\n\n<p>El aforo de todos los espect\u00e1culos ser\u00e1 limitado. Para reservar las entradas pod\u00e9is mandar un Whatsapp a los n\u00fameros 608 568 881 o 684 416 843.<\/p>\n\n\n\n<figure class=\"wp-block-image size-large\"><img loading=\"lazy\" width=\"724\" height=\"1024\" src=\"https:\/\/bisbalpenedes.com\/web\/wp-content\/uploads\/2021\/06\/EVA21_CartellA3_LaBisbal-724x1024.jpg\" alt=\"\" class=\"wp-image-18106\" srcset=\"https:\/\/bisbalpenedes.com\/web\/wp-content\/uploads\/2021\/06\/EVA21_CartellA3_LaBisbal-724x1024.jpg 724w, https:\/\/bisbalpenedes.com\/web\/wp-content\/uploads\/2021\/06\/EVA21_CartellA3_LaBisbal-600x848.jpg 600w, https:\/\/bisbalpenedes.com\/web\/wp-content\/uploads\/2021\/06\/EVA21_CartellA3_LaBisbal-212x300.jpg 212w, https:\/\/bisbalpenedes.com\/web\/wp-content\/uploads\/2021\/06\/EVA21_CartellA3_LaBisbal-768x1086.jpg 768w, https:\/\/bisbalpenedes.com\/web\/wp-content\/uploads\/2021\/06\/EVA21_CartellA3_LaBisbal-1086x1536.jpg 1086w, https:\/\/bisbalpenedes.com\/web\/wp-content\/uploads\/2021\/06\/EVA21_CartellA3_LaBisbal-1448x2048.jpg 1448w, https:\/\/bisbalpenedes.com\/web\/wp-content\/uploads\/2021\/06\/EVA21_CartellA3_LaBisbal.jpg 1684w\" sizes=\"(max-width: 724px) 100vw, 724px\" \/><\/figure>\n","protected":false},"excerpt":{"rendered":"<p>El passat dissabte 5 de juny va tenir lloc la presentaci\u00f3 del Festival EVA 2021 a l\u2019Auditori Pau Casals de Sant Salvador. Hi van assistir l\u2019alcaldessa Agn\u00e8s Ferr\u00e9 i els &hellip; <a href=\"https:\/\/bisbalpenedes.com\/web\/2021\/06\/07\/torna-el-festival-eva-a-la-bisbal-del-penedes-la-presentacio-va-tenir-lloc-el-passat-dissabte-5-de-juny\/\" class=\"more-link\">Read More<\/a><\/p>\n","protected":false},"author":4,"featured_media":18109,"comment_status":"closed","ping_status":"closed","sticky":false,"template":"","format":"standard","meta":[],"categories":[2942,13,8],"tags":[1745,4564,302,3030,1807,1810,393,4561,4559,4560,4562,48,4563,1809],"_links":{"self":[{"href":"https:\/\/bisbalpenedes.com\/web\/wp-json\/wp\/v2\/posts\/18105"}],"collection":[{"href":"https:\/\/bisbalpenedes.com\/web\/wp-json\/wp\/v2\/posts"}],"about":[{"href":"https:\/\/bisbalpenedes.com\/web\/wp-json\/wp\/v2\/types\/post"}],"author":[{"embeddable":true,"href":"https:\/\/bisbalpenedes.com\/web\/wp-json\/wp\/v2\/users\/4"}],"replies":[{"embeddable":true,"href":"https:\/\/bisbalpenedes.com\/web\/wp-json\/wp\/v2\/comments?post=18105"}],"version-history":[{"count":1,"href":"https:\/\/bisbalpenedes.com\/web\/wp-json\/wp\/v2\/posts\/18105\/revisions"}],"predecessor-version":[{"id":18108,"href":"https:\/\/bisbalpenedes.com\/web\/wp-json\/wp\/v2\/posts\/18105\/revisions\/18108"}],"wp:featuredmedia":[{"embeddable":true,"href":"https:\/\/bisbalpenedes.com\/web\/wp-json\/wp\/v2\/media\/18109"}],"wp:attachment":[{"href":"https:\/\/bisbalpenedes.com\/web\/wp-json\/wp\/v2\/media?parent=18105"}],"wp:term":[{"taxonomy":"category","embeddable":true,"href":"https:\/\/bisbalpenedes.com\/web\/wp-json\/wp\/v2\/categories?post=18105"},{"taxonomy":"post_tag","embeddable":true,"href":"https:\/\/bisbalpenedes.com\/web\/wp-json\/wp\/v2\/tags?post=18105"}],"curies":[{"name":"wp","href":"https:\/\/api.w.org\/{rel}","templated":true}]}}