{"id":18097,"date":"2021-06-04T23:55:22","date_gmt":"2021-06-04T21:55:22","guid":{"rendered":"https:\/\/bisbalpenedes.com\/web\/?p=18097"},"modified":"2021-06-04T23:55:22","modified_gmt":"2021-06-04T21:55:22","slug":"lajuntament-de-la-bisbal-del-penedes-silluminara-de-verd-aquest-dissabte-al-vespre-amb-motiu-del-dia-mundial-del-medi-ambient","status":"publish","type":"post","link":"https:\/\/bisbalpenedes.com\/web\/2021\/06\/04\/lajuntament-de-la-bisbal-del-penedes-silluminara-de-verd-aquest-dissabte-al-vespre-amb-motiu-del-dia-mundial-del-medi-ambient\/","title":{"rendered":"L\u2019Ajuntament de la Bisbal del Pened\u00e8s s\u2019il\u00b7luminar\u00e0 de verd aquest dissabte al vespre amb motiu del Dia Mundial del Medi Ambient"},"content":{"rendered":"\n<p>L&#8217;Ajuntament de la Bisbal del Pened\u00e8s s&#8217;il\u00b7luminar\u00e0 de verd aquest dissabte 5 de juny amb motiu del Dia Mundial del Medi Ambient. L&#8217;objectiu d&#8217;aquest dia \u00e9s sensibilitzar la poblaci\u00f3 mundial en relaci\u00f3 amb temes ambientals, amb l&#8217;objectiu que les persones es converteixin en agents actius per fer el m\u00f3n m\u00e9s sostenible. <\/p>\n\n\n\n<hr class=\"wp-block-separator\"\/>\n\n\n\n<p>El Ayuntamiento de la Bisbal del Pened\u00e8s se iluminar\u00e1 de verde este s\u00e1bado 5 de junio con motivo del D\u00eda Mundial del Medio Ambiente. El objetivo de este d\u00eda es sensibilizar la poblaci\u00f3n mundial en relaci\u00f3n con temas ambientales, con el objetivo de que las personas se conviertan en agentes activos para hacer el mundo m\u00e1s sostenible.<\/p>\n\n\n\n<p><\/p>\n","protected":false},"excerpt":{"rendered":"<p>L&#8217;Ajuntament de la Bisbal del Pened\u00e8s s&#8217;il\u00b7luminar\u00e0 de verd aquest dissabte 5 de juny amb motiu del Dia Mundial del Medi Ambient. L&#8217;objectiu d&#8217;aquest dia \u00e9s sensibilitzar la poblaci\u00f3 mundial &hellip; <a href=\"https:\/\/bisbalpenedes.com\/web\/2021\/06\/04\/lajuntament-de-la-bisbal-del-penedes-silluminara-de-verd-aquest-dissabte-al-vespre-amb-motiu-del-dia-mundial-del-medi-ambient\/\" class=\"more-link\">Read More<\/a><\/p>\n","protected":false},"author":4,"featured_media":18098,"comment_status":"closed","ping_status":"closed","sticky":false,"template":"","format":"standard","meta":[],"categories":[32,8],"tags":[2866,4557,393,220],"_links":{"self":[{"href":"https:\/\/bisbalpenedes.com\/web\/wp-json\/wp\/v2\/posts\/18097"}],"collection":[{"href":"https:\/\/bisbalpenedes.com\/web\/wp-json\/wp\/v2\/posts"}],"about":[{"href":"https:\/\/bisbalpenedes.com\/web\/wp-json\/wp\/v2\/types\/post"}],"author":[{"embeddable":true,"href":"https:\/\/bisbalpenedes.com\/web\/wp-json\/wp\/v2\/users\/4"}],"replies":[{"embeddable":true,"href":"https:\/\/bisbalpenedes.com\/web\/wp-json\/wp\/v2\/comments?post=18097"}],"version-history":[{"count":1,"href":"https:\/\/bisbalpenedes.com\/web\/wp-json\/wp\/v2\/posts\/18097\/revisions"}],"predecessor-version":[{"id":18099,"href":"https:\/\/bisbalpenedes.com\/web\/wp-json\/wp\/v2\/posts\/18097\/revisions\/18099"}],"wp:featuredmedia":[{"embeddable":true,"href":"https:\/\/bisbalpenedes.com\/web\/wp-json\/wp\/v2\/media\/18098"}],"wp:attachment":[{"href":"https:\/\/bisbalpenedes.com\/web\/wp-json\/wp\/v2\/media?parent=18097"}],"wp:term":[{"taxonomy":"category","embeddable":true,"href":"https:\/\/bisbalpenedes.com\/web\/wp-json\/wp\/v2\/categories?post=18097"},{"taxonomy":"post_tag","embeddable":true,"href":"https:\/\/bisbalpenedes.com\/web\/wp-json\/wp\/v2\/tags?post=18097"}],"curies":[{"name":"wp","href":"https:\/\/api.w.org\/{rel}","templated":true}]}}