{"id":18038,"date":"2021-06-02T10:00:00","date_gmt":"2021-06-02T08:00:00","guid":{"rendered":"https:\/\/bisbalpenedes.com\/web\/?p=18038"},"modified":"2021-06-01T18:25:45","modified_gmt":"2021-06-01T16:25:45","slug":"comencen-les-festes-dels-barris-divendres-i-dissabte-celebrem-la-festa-del-barri-de-la-placa","status":"publish","type":"post","link":"https:\/\/bisbalpenedes.com\/web\/2021\/06\/02\/comencen-les-festes-dels-barris-divendres-i-dissabte-celebrem-la-festa-del-barri-de-la-placa\/","title":{"rendered":"Comencen les festes dels barris: divendres i dissabte celebrem la festa del Barri de la Pla\u00e7a"},"content":{"rendered":"\n<p>Ja tenim aqu\u00ed les festes dels barris!Com sempre, la festa comen\u00e7a al Barri de la Pla\u00e7a! Al cartell d&#8217;aquesta publicaci\u00f3 trobareu el programa d&#8217;activitats complet per al divendres 4 i el dissabte 5 de juny.<\/p>\n\n\n\n<hr class=\"wp-block-separator is-style-wide\"\/>\n\n\n\n<p><br>\u00a1Ya tenemos aqu\u00ed las fiestas de los barrios! \u00a1Como siempre, la fiesta empieza en el <em>Barri de la Pla\u00e7a<\/em>!En el cartel de esta publicaci\u00f3n encontrar\u00e9is el programa de actividades completo para el viernes 4 y el s\u00e1bado 5 de junio.<\/p>\n","protected":false},"excerpt":{"rendered":"<p>Ja tenim aqu\u00ed les festes dels barris!Com sempre, la festa comen\u00e7a al Barri de la Pla\u00e7a! Al cartell d&#8217;aquesta publicaci\u00f3 trobareu el programa d&#8217;activitats complet per al divendres 4 i &hellip; <a href=\"https:\/\/bisbalpenedes.com\/web\/2021\/06\/02\/comencen-les-festes-dels-barris-divendres-i-dissabte-celebrem-la-festa-del-barri-de-la-placa\/\" class=\"more-link\">Read More<\/a><\/p>\n","protected":false},"author":4,"featured_media":18039,"comment_status":"closed","ping_status":"closed","sticky":false,"template":"","format":"standard","meta":[],"categories":[2942,13,8],"tags":[1903,50,4539,393,4540],"_links":{"self":[{"href":"https:\/\/bisbalpenedes.com\/web\/wp-json\/wp\/v2\/posts\/18038"}],"collection":[{"href":"https:\/\/bisbalpenedes.com\/web\/wp-json\/wp\/v2\/posts"}],"about":[{"href":"https:\/\/bisbalpenedes.com\/web\/wp-json\/wp\/v2\/types\/post"}],"author":[{"embeddable":true,"href":"https:\/\/bisbalpenedes.com\/web\/wp-json\/wp\/v2\/users\/4"}],"replies":[{"embeddable":true,"href":"https:\/\/bisbalpenedes.com\/web\/wp-json\/wp\/v2\/comments?post=18038"}],"version-history":[{"count":1,"href":"https:\/\/bisbalpenedes.com\/web\/wp-json\/wp\/v2\/posts\/18038\/revisions"}],"predecessor-version":[{"id":18040,"href":"https:\/\/bisbalpenedes.com\/web\/wp-json\/wp\/v2\/posts\/18038\/revisions\/18040"}],"wp:featuredmedia":[{"embeddable":true,"href":"https:\/\/bisbalpenedes.com\/web\/wp-json\/wp\/v2\/media\/18039"}],"wp:attachment":[{"href":"https:\/\/bisbalpenedes.com\/web\/wp-json\/wp\/v2\/media?parent=18038"}],"wp:term":[{"taxonomy":"category","embeddable":true,"href":"https:\/\/bisbalpenedes.com\/web\/wp-json\/wp\/v2\/categories?post=18038"},{"taxonomy":"post_tag","embeddable":true,"href":"https:\/\/bisbalpenedes.com\/web\/wp-json\/wp\/v2\/tags?post=18038"}],"curies":[{"name":"wp","href":"https:\/\/api.w.org\/{rel}","templated":true}]}}