{"id":18011,"date":"2021-06-01T11:35:26","date_gmt":"2021-06-01T09:35:26","guid":{"rendered":"https:\/\/bisbalpenedes.com\/web\/?p=18011"},"modified":"2021-06-01T11:35:26","modified_gmt":"2021-06-01T09:35:26","slug":"lajuntament-sadhereix-al-dia-mundial-sense-tabac-i-a-la-xxii-setmana-sense-fum","status":"publish","type":"post","link":"https:\/\/bisbalpenedes.com\/web\/2021\/06\/01\/lajuntament-sadhereix-al-dia-mundial-sense-tabac-i-a-la-xxii-setmana-sense-fum\/","title":{"rendered":"L&#8217;Ajuntament s&#8217;adhereix al Dia Mundial sense Tabac i a la XXII Setmana Sense Fum"},"content":{"rendered":"\n<p>Ahir dilluns 31 de maig es va commemorar el Dia Mundial sense Tabac, una jornada promoguda per l\u2019Organitzaci\u00f3 Mundial de la Salut (OMS) des de 1988. La jornada persegueix l\u2019objectiu de centrar l\u2019atenci\u00f3 general sobre els perills que suposa el consum del tabac.<\/p>\n\n\n\n<p>Des de l\u2019Ajuntament de La Bisbal del Pened\u00e8s ens adherim a la jornada i a la XXII Setmana Sense Fum i aprofitem per compartir algunes de les dades extretes de l\u2019enquesta p\u00fablica realitzada en el marc de la Setmana Sense fum:<\/p>\n\n\n\n<ul><li>Un 22,4% de les persones que van participar en l\u2019enquesta eren fumadores i un 84% declaren haver rebut el consell d\u2019algun professional de la salut<\/li><li>El 89,2% de les persones que han participat declaren que es veuen exposades al fum ambiental del tabac<\/li><li>El 70% de les persones enquestades percep un compliment insuficient de la prohibici\u00f3 de fumar a les terrasses dels establiments d\u2019hostaleria<\/li><li>El 68% de les persones no fumadores i el 20,9% de les fumadores pensa que hauria d\u2019estar totalment prohibit fumar a les terrasses dels establiments d\u2019hostaleria. Un 46,4% de no fumadores i un 16,4% de fumadores creuen que s\u2019hauria de prohibir en aquells casos en qu\u00e8 no hi hagi una dist\u00e0ncia m\u00ednima de 2 metres amb altres persones<\/li><\/ul>\n\n\n\n<p>Podeu trobar m\u00e9s dades d\u2019aquesta enquesta aqu\u00ed: <a href=\"https:\/\/salutweb.gencat.cat\/ca\/inici\/nota-premsa\/?id=422043\">https:\/\/salutweb.gencat.cat\/ca\/inici\/nota-premsa\/?id=422043<\/a><\/p>\n\n\n\n<hr class=\"wp-block-separator is-style-wide\"\/>\n\n\n\n<p>Ayer lunes 31 de mayo se commemor\u00f3 el D\u00eda Mundial sin Tabaco, una jornada promovida por la Organizaci\u00f3n Mundial de la Salud (OMS) desde el 1988. La jornada persigue el objetivo de centrar la atenci\u00f3n general sobre los peligros que supone el consumo de tabaco.<\/p>\n\n\n\n<p>Desde el Ayuntamiento de La Bisbal del Pened\u00e8s nos adherimos a la jornada y a la XXII Semana sin humo y aprovechamos para compartir algunos de los datos extra\u00eddos de la encuesta p\u00fablica realizada en el marco de la Semana Sin Humo:<\/p>\n\n\n\n<ul><li>Un 22,4% de las personas que participaron en la encuesta eran fumadoras y un 84% declaran haber recibido el consejo de alg\u00fan profesional de la salud.<\/li><li>El 89,2% de las personas que han participado declaran que se ven expuestas al humo ambiental del tabaco.<\/li><li>El 70% de las personas encuestadas percibe un cumplimiento insuficiente de la prohibici\u00f3n de fumar en las terrazas de los establecimientos de hosteler\u00eda.<\/li><li>El 68% de las personas no fumadoras y el 20,9% de las fumadoras piensa que deber\u00eda estar totalmente prohibido fumar en las terrazas de los establecimientos de hosteler\u00eda. Un 46,4% de no fumadores y un 16,4% de fumadores creen que se deber\u00eda prohibir en aquellos casos en los que no haya una distancia m\u00ednima de 2 metros con otras personas.<\/li><\/ul>\n\n\n\n<p>Pod\u00e9is encontrar m\u00e1s datos sobre esta encuesta, aqu\u00ed: <a href=\"https:\/\/salutweb.gencat.cat\/ca\/inici\/nota-premsa\/?id=422043\">https:\/\/salutweb.gencat.cat\/ca\/inici\/nota-premsa\/?id=422043<\/a><\/p>\n","protected":false},"excerpt":{"rendered":"<p>Ahir dilluns 31 de maig es va commemorar el Dia Mundial sense Tabac, una jornada promoguda per l\u2019Organitzaci\u00f3 Mundial de la Salut (OMS) des de 1988. La jornada persegueix l\u2019objectiu &hellip; <a href=\"https:\/\/bisbalpenedes.com\/web\/2021\/06\/01\/lajuntament-sadhereix-al-dia-mundial-sense-tabac-i-a-la-xxii-setmana-sense-fum\/\" class=\"more-link\">Read More<\/a><\/p>\n","protected":false},"author":4,"featured_media":18012,"comment_status":"closed","ping_status":"closed","sticky":false,"template":"","format":"standard","meta":[],"categories":[8,14],"tags":[4537,886,145,4536],"_links":{"self":[{"href":"https:\/\/bisbalpenedes.com\/web\/wp-json\/wp\/v2\/posts\/18011"}],"collection":[{"href":"https:\/\/bisbalpenedes.com\/web\/wp-json\/wp\/v2\/posts"}],"about":[{"href":"https:\/\/bisbalpenedes.com\/web\/wp-json\/wp\/v2\/types\/post"}],"author":[{"embeddable":true,"href":"https:\/\/bisbalpenedes.com\/web\/wp-json\/wp\/v2\/users\/4"}],"replies":[{"embeddable":true,"href":"https:\/\/bisbalpenedes.com\/web\/wp-json\/wp\/v2\/comments?post=18011"}],"version-history":[{"count":1,"href":"https:\/\/bisbalpenedes.com\/web\/wp-json\/wp\/v2\/posts\/18011\/revisions"}],"predecessor-version":[{"id":18013,"href":"https:\/\/bisbalpenedes.com\/web\/wp-json\/wp\/v2\/posts\/18011\/revisions\/18013"}],"wp:featuredmedia":[{"embeddable":true,"href":"https:\/\/bisbalpenedes.com\/web\/wp-json\/wp\/v2\/media\/18012"}],"wp:attachment":[{"href":"https:\/\/bisbalpenedes.com\/web\/wp-json\/wp\/v2\/media?parent=18011"}],"wp:term":[{"taxonomy":"category","embeddable":true,"href":"https:\/\/bisbalpenedes.com\/web\/wp-json\/wp\/v2\/categories?post=18011"},{"taxonomy":"post_tag","embeddable":true,"href":"https:\/\/bisbalpenedes.com\/web\/wp-json\/wp\/v2\/tags?post=18011"}],"curies":[{"name":"wp","href":"https:\/\/api.w.org\/{rel}","templated":true}]}}