{"id":18008,"date":"2021-06-01T10:56:53","date_gmt":"2021-06-01T08:56:53","guid":{"rendered":"https:\/\/bisbalpenedes.com\/web\/?p=18008"},"modified":"2021-06-01T17:45:43","modified_gmt":"2021-06-01T15:45:43","slug":"comenca-la-installacio-de-cameres-lectores-de-matricules-en-diversos-punts-de-la-bisbal-del-penedes","status":"publish","type":"post","link":"https:\/\/bisbalpenedes.com\/web\/2021\/06\/01\/comenca-la-installacio-de-cameres-lectores-de-matricules-en-diversos-punts-de-la-bisbal-del-penedes\/","title":{"rendered":"Comen\u00e7a la instal\u00b7laci\u00f3 de c\u00e0meres lectores de matr\u00edcules en diversos punts de la Bisbal del Pened\u00e8s"},"content":{"rendered":"\n<p>Aquest dimarts 1 de juny ha comen\u00e7at la instal\u00b7laci\u00f3 de c\u00e0meres lectores de matr\u00edcules en diversos punts de La Bisbal del Pened\u00e8s. En la primera fase s\u2019instal\u00b7len quatre dispositius: un a l\u2019acc\u00e9s al Priorat de la Bisbal, dos a les entrades de la Miralba i un a l\u2019acc\u00e9s de Can Gordei. L\u2019objectiu d\u2019aquesta actuaci\u00f3 \u00e9s garantir la seguretat p\u00fablica al municipi, procurar la utilitzaci\u00f3 pac\u00edfica de les vies i espais p\u00fablics i assegurar la conviv\u00e8ncia ciutadana. Est\u00e0 previst que l\u2019any 2022 s\u2019instal\u00b7lin dues c\u00e0meres m\u00e9s, una segona c\u00e0mera en un altre acc\u00e9s a Can Gordei i una c\u00e0mera a l\u2019Esplai del Pened\u00e8s.<\/p>\n\n\n\n<p>Els equips funcionaran durant les 24 hores amb una mitjana de temps real de consulta de placa de vehicle inferior a 1 segon. El titular de les dades que s\u2019obtinguin mitjan\u00e7ant els dispositius ser\u00e0 la Direcci\u00f3 General de la Policia i l\u2019Ajuntament de la Bisbal del Pened\u00e8s no tindr\u00e0 acc\u00e9s directe a les imatges, sin\u00f3 que aquestes es gestionaran directament des de Mossos d\u2019Esquadra. Per aquest motiu l\u2019Ajuntament de la Bisbal del Pened\u00e8s ha formalitzat un conveni amb el Departament d\u2019Interior de la Generalitat de Catalunya per a l\u2019execuci\u00f3 d\u2019aquest projecte pilot amb c\u00e0meres.<\/p>\n\n\n\n<hr class=\"wp-block-separator is-style-wide\"\/>\n\n\n\n<p><strong>CASTELLANO |<\/strong> Este martes 1 de junio ha empezado la instalaci\u00f3n de c\u00e1maras lectoras de matr\u00edculas en varios puntos de La Bisbal del Pened\u00e8s. En la primera fase se instalan cuatro dispositivos: uno en el acceso al Priorato de la Bisbal, dos en las entradas de la Miralba y uno en un acceso a Can Gordei. El objetivo de esta actuaci\u00f3n es garantizar la seguridad p\u00fablica en el municipio, procurar la utilizaci\u00f3n pac\u00edfica de las v\u00edas y espacios p\u00fablicos y asegurar la convivencia ciudadana. Est\u00e1 previsto que el a\u00f1o 2022 se instalen dos c\u00e1maras m\u00e1s, una segunda c\u00e1mara en el otro acceso de Can Gordei y una c\u00e1mara en l&#8217;Esplai del Pened\u00e8s.<\/p>\n\n\n\n<p>Los equipos funcionar\u00e1n durante las 24 horas con una mediana de tiempo real de consulta de placa de veh\u00edculo inferior a 1 segundo. El titular de los datos que se obtengan mediante los dispositivos ser\u00e1 la Direcci\u00f3n General de la Polic\u00eda y el Ayuntamiento de la Bisbal del Pened\u00e8s no tendr\u00e1 acceso directo a las im\u00e1genes, sino que estas se gestionar\u00e1n directamente desde Mossos d&#8217;Esquadra. Por este motivo el Ayuntamiento de la Bisbal del Pened\u00e8s ha formalizado un convenio con el Departamento de Interior de la Generalitat de Catalunya para la ejecuci\u00f3n de este proyecto piloto con c\u00e1maras.<\/p>\n\n\n\n<p><\/p>\n","protected":false},"excerpt":{"rendered":"<p>Aquest dimarts 1 de juny ha comen\u00e7at la instal\u00b7laci\u00f3 de c\u00e0meres lectores de matr\u00edcules en diversos punts de La Bisbal del Pened\u00e8s. En la primera fase s\u2019instal\u00b7len quatre dispositius: un &hellip; <a href=\"https:\/\/bisbalpenedes.com\/web\/2021\/06\/01\/comenca-la-installacio-de-cameres-lectores-de-matricules-en-diversos-punts-de-la-bisbal-del-penedes\/\" class=\"more-link\">Read More<\/a><\/p>\n","protected":false},"author":4,"featured_media":18009,"comment_status":"closed","ping_status":"closed","sticky":false,"template":"","format":"standard","meta":[],"categories":[8,4149],"tags":[3988,4535,4534],"_links":{"self":[{"href":"https:\/\/bisbalpenedes.com\/web\/wp-json\/wp\/v2\/posts\/18008"}],"collection":[{"href":"https:\/\/bisbalpenedes.com\/web\/wp-json\/wp\/v2\/posts"}],"about":[{"href":"https:\/\/bisbalpenedes.com\/web\/wp-json\/wp\/v2\/types\/post"}],"author":[{"embeddable":true,"href":"https:\/\/bisbalpenedes.com\/web\/wp-json\/wp\/v2\/users\/4"}],"replies":[{"embeddable":true,"href":"https:\/\/bisbalpenedes.com\/web\/wp-json\/wp\/v2\/comments?post=18008"}],"version-history":[{"count":3,"href":"https:\/\/bisbalpenedes.com\/web\/wp-json\/wp\/v2\/posts\/18008\/revisions"}],"predecessor-version":[{"id":18033,"href":"https:\/\/bisbalpenedes.com\/web\/wp-json\/wp\/v2\/posts\/18008\/revisions\/18033"}],"wp:featuredmedia":[{"embeddable":true,"href":"https:\/\/bisbalpenedes.com\/web\/wp-json\/wp\/v2\/media\/18009"}],"wp:attachment":[{"href":"https:\/\/bisbalpenedes.com\/web\/wp-json\/wp\/v2\/media?parent=18008"}],"wp:term":[{"taxonomy":"category","embeddable":true,"href":"https:\/\/bisbalpenedes.com\/web\/wp-json\/wp\/v2\/categories?post=18008"},{"taxonomy":"post_tag","embeddable":true,"href":"https:\/\/bisbalpenedes.com\/web\/wp-json\/wp\/v2\/tags?post=18008"}],"curies":[{"name":"wp","href":"https:\/\/api.w.org\/{rel}","templated":true}]}}